{"id":895,"date":"2025-04-23T07:15:05","date_gmt":"2025-04-23T11:15:05","guid":{"rendered":"https:\/\/radiopoloniawinnipeg.com\/index.php\/2025\/04\/23\/prezydent-duda-krytycznie-o-wystapieniu-szefa-msz\/"},"modified":"2025-04-23T07:15:05","modified_gmt":"2025-04-23T11:15:05","slug":"prezydent-duda-krytycznie-o-wystapieniu-szefa-msz","status":"publish","type":"post","link":"https:\/\/radiopoloniawinnipeg.com\/index.php\/2025\/04\/23\/prezydent-duda-krytycznie-o-wystapieniu-szefa-msz\/","title":{"rendered":"Prezydent Duda krytycznie o wyst\u0105pieniu szefa MSZ"},"content":{"rendered":"<p>Prezydent Andrzej Duda odni\u00f3s\u0142 si\u0119 krytycznie do wtorkowego wyst\u0105pienia ministra spraw zagranicznych Rados\u0142awa Sikorskiego w Sejmie, zarzucaj\u0105c mu upolitycznienie przekazu i pomini\u0119cie kluczowych w\u0105tk\u00f3w w polityce mi\u0119dzynarodowej. \u2013 Z wielkim \u017calem i rozczarowaniem przyj\u0105\u0142em wyst\u0105pienie pana ministra. Zamiast skupi\u0107 si\u0119 na sprawach pa\u0144stwowych, sprowadzi\u0142 swoje przem\u00f3wienie do poziomu polityki partyjnej \u2013 powiedzia\u0142 prezydent, odnosz\u0105c si\u0119 do okrzyku Sikorskiego \u201eCa\u0142a Polska naprz\u00f3d\u201d, b\u0119d\u0105cego has\u0142em wyborczym Rafa\u0142a Trzaskowskiego. Prezydent, kt\u00f3ry przys\u0142uchiwa\u0142 si\u0119 wyst\u0105pieniu z sejmowej galerii, zabra\u0142 g\u0142os podczas p\u00f3\u017aniejszej konferencji prasowej. Podkre\u015bli\u0142, \u017ce dzie\u0144 ten by\u0142 wyj\u0105tkowy ze wzgl\u0119du na ho\u0142d oddany zmar\u0142emu papie\u017cowi Franciszkowi oraz na przypadaj\u0105c\u0105 r\u00f3wnocze\u015bnie tysi\u0119czn\u0105 rocznic\u0119 koronacji Boles\u0142awa Chrobrego. \u2013 Te dwa wydarzenia mia\u0142y wielki wymiar mi\u0119dzynarodowy, dlatego tym bardziej kontrastuj\u0105 z tonem wyst\u0105pienia ministra Sikorskiego \u2013 zaznaczy\u0142 Duda. Prezydent przypomnia\u0142, \u017ce od pocz\u0105tku swojej kadencji traktuje konstytucyjny obowi\u0105zek wsp\u00f3\u0142dzia\u0142ania w polityce zagranicznej z najwy\u017csz\u0105 powag\u0105. \u2013 To tak\u017ce umiej\u0119tno\u015b\u0107 wzniesienia si\u0119 ponad partyjne spory. Szkoda, \u017ce minister zako\u0144czy\u0142 wyst\u0105pienie partyjnym has\u0142em \u2013 skwitowa\u0142. Inicjatywa Tr\u00f3jmorza Duda wyrazi\u0142 r\u00f3wnie\u017c \u017cal, \u017ce w expos\u00e9 ministra zabrak\u0142o odniesie\u0144 do sukces\u00f3w inicjatywy Tr\u00f3jmorza, kt\u00f3rej szczyt odb\u0119dzie si\u0119 wkr\u00f3tce w Warszawie z udzia\u0142em prezydent\u00f3w, premier\u00f3w, sekretarza ds. energii USA oraz przedstawicieli Japonii i pa\u0144stw Zatoki Perskiej. Krytycznie odni\u00f3s\u0142 si\u0119 tak\u017ce do polityki Donalda Tuska w ramach polskiej prezydencji w Radzie UE. \u2013 Premier bierze udzia\u0142 w wa\u017cnych spotkaniach mi\u0119dzynarodowych, ale nie organizuje ich w Polsce. Nie wiem, czy to wynika z niech\u0119ci do wsp\u00f3\u0142pracy z prezydentem, czy z braku skuteczno\u015bci \u2013 zauwa\u017cy\u0142. Wsp\u00f3\u0142praca a USA Prezydent mocno podkre\u015bli\u0142 znaczenie bliskiej wsp\u00f3\u0142pracy ze Stanami Zjednoczonymi. \u2013 Nie ma dzi\u015b bezpiecze\u0144stwa w Europie bez \u015bcis\u0142ej wsp\u00f3\u0142pracy euroatlantyckiej. Nie ma skutecznej blokady wobec rosyjskiego imperializmu bez wsparcia USA \u2013 m\u00f3wi\u0142. Z ubolewaniem zauwa\u017cy\u0142, \u017ce temat relacji z USA nie pojawi\u0142 si\u0119 w wyst\u0105pieniu ministra. \u2013 To ogromny brak. W najbli\u017cszych dniach do Polski przyje\u017cd\u017ca sekretarz ds. energii USA Chris Wright. Licz\u0119, \u017ce rozmowy z premierem Tuskiem przyczyni\u0105 si\u0119 do realizacji naszego strategicznego celu: budowy elektrowni atomowej we wsp\u00f3\u0142pracy z Amerykanami \u2013 doda\u0142 prezydent. Na podst. Polsat News<\/p>\n","protected":false},"excerpt":{"rendered":"<p>Prezydent Andrzej Duda odni\u00f3s\u0142 si\u0119 krytycznie do wtorkowego wyst\u0105pienia ministra spraw zagranicznych Rados\u0142awa Sikorskiego w Sejmie, zarzucaj\u0105c mu upolitycznienie przekazu i pomini\u0119cie kluczowych w\u0105tk\u00f3w w&hellip;<\/p>\n","protected":false},"author":3,"featured_media":896,"comment_status":"open","ping_status":"open","sticky":false,"template":"","format":"standard","meta":{"footnotes":""},"categories":[14,18],"tags":[],"class_list":["post-895","post","type-post","status-publish","format-standard","has-post-thumbnail","hentry","category-polska","category-top-news"],"_links":{"self":[{"href":"https:\/\/radiopoloniawinnipeg.com\/index.php\/wp-json\/wp\/v2\/posts\/895","targetHints":{"allow":["GET"]}}],"collection":[{"href":"https:\/\/radiopoloniawinnipeg.com\/index.php\/wp-json\/wp\/v2\/posts"}],"about":[{"href":"https:\/\/radiopoloniawinnipeg.com\/index.php\/wp-json\/wp\/v2\/types\/post"}],"author":[{"embeddable":true,"href":"https:\/\/radiopoloniawinnipeg.com\/index.php\/wp-json\/wp\/v2\/users\/3"}],"replies":[{"embeddable":true,"href":"https:\/\/radiopoloniawinnipeg.com\/index.php\/wp-json\/wp\/v2\/comments?post=895"}],"version-history":[{"count":0,"href":"https:\/\/radiopoloniawinnipeg.com\/index.php\/wp-json\/wp\/v2\/posts\/895\/revisions"}],"wp:featuredmedia":[{"embeddable":true,"href":"https:\/\/radiopoloniawinnipeg.com\/index.php\/wp-json\/wp\/v2\/media\/896"}],"wp:attachment":[{"href":"https:\/\/radiopoloniawinnipeg.com\/index.php\/wp-json\/wp\/v2\/media?parent=895"}],"wp:term":[{"taxonomy":"category","embeddable":true,"href":"https:\/\/radiopoloniawinnipeg.com\/index.php\/wp-json\/wp\/v2\/categories?post=895"},{"taxonomy":"post_tag","embeddable":true,"href":"https:\/\/radiopoloniawinnipeg.com\/index.php\/wp-json\/wp\/v2\/tags?post=895"}],"curies":[{"name":"wp","href":"https:\/\/api.w.org\/{rel}","templated":true}]}}