{"id":897,"date":"2025-04-23T08:00:04","date_gmt":"2025-04-23T12:00:04","guid":{"rendered":"https:\/\/radiopoloniawinnipeg.com\/index.php\/2025\/04\/23\/premier-nie-wezmie-udzialu-w-pogrzebie-papieza-bede-pilnowal-porzadku-w-kraju\/"},"modified":"2025-04-23T08:00:04","modified_gmt":"2025-04-23T12:00:04","slug":"premier-nie-wezmie-udzialu-w-pogrzebie-papieza-bede-pilnowal-porzadku-w-kraju","status":"publish","type":"post","link":"https:\/\/radiopoloniawinnipeg.com\/index.php\/2025\/04\/23\/premier-nie-wezmie-udzialu-w-pogrzebie-papieza-bede-pilnowal-porzadku-w-kraju\/","title":{"rendered":"Premier nie we\u017amie udzia\u0142u w pogrzebie papie\u017ca. \u201eB\u0119d\u0119 pilnowa\u0142 porz\u0105dku w kraju\u201d"},"content":{"rendered":"<p>Premier Donald Tusk poinformowa\u0142, \u017ce prezydent Andrzej Duda b\u0119dzie reprezentowa\u0107 Polsk\u0119 podczas uroczysto\u015bci pogrzebowych papie\u017ca Franciszka, kt\u00f3re odb\u0119d\u0105 si\u0119 w sobot\u0119 o godz. 10:00 na placu \u015awi\u0119tego Piotra w Watykanie. \u2013 Wczoraj uzgodni\u0142em z panem prezydentem, \u017ce to on b\u0119dzie reprezentowa\u0142 pa\u0144stwo polskie w Watykanie \u2013 powiedzia\u0142 premier w \u015brod\u0119 dziennikarzom w Sejmie. \u2013 By\u0142em te\u017c w kontakcie z marsza\u0142kiem Sejmu. Marsza\u0142ek Szymon Ho\u0142ownia r\u00f3wnie\u017c b\u0119dzie uczestniczy\u0142 w uroczysto\u015bciach \u2013 doda\u0142. Szef rz\u0105du wyja\u015bni\u0142, \u017ce zgodnie z ustalon\u0105 praktyk\u0105 jedna z kluczowych os\u00f3b w pa\u0144stwie pozostaje w kraju podczas tak wa\u017cnych wydarze\u0144 mi\u0119dzynarodowych. \u2013 Tego si\u0119 trzymamy. Dlatego ja zostaj\u0119 i b\u0119d\u0119 w tym czasie pilnowa\u0142 porz\u0105dku w kraju \u2013 podkre\u015bli\u0142. Premier przekaza\u0142 r\u00f3wnie\u017c, \u017ce podpisa\u0142 kontrasygnat\u0119 pod rozporz\u0105dzeniem prezydenta o og\u0142oszeniu \u017ca\u0142oby narodowej, kt\u00f3ra b\u0119dzie obowi\u0105zywa\u0107 w dniu pogrzebu. \u2013 Wiem, \u017ce wok\u00f3\u0142 tej decyzji pojawi\u0142o si\u0119 sporo emocji. Szczerze m\u00f3wi\u0105c, nie bardzo rozumiem dlaczego. Trudno, \u017ceby premier polemizowa\u0142 z prezydentem, gdy ten og\u0142asza \u017ca\u0142ob\u0119 \u2013 skomentowa\u0142 Tusk. W uroczysto\u015bciach pogrzebowych wezm\u0105 udzia\u0142 przyw\u00f3dcy wielu pa\u0144stw. Polsk\u0119 b\u0119dzie reprezentowa\u0107 prezydent Andrzej Duda wraz z ma\u0142\u017conk\u0105 oraz delegacja parlamentarna, kt\u00f3rej sk\u0142ad jest obecnie ustalany. Papie\u017c Franciszek zmar\u0142 w poniedzia\u0142ek wielkanocny o godz. 7:35. W oficjalnym komunikacie Watykanu poinformowano, \u017ce przyczyn\u0105 \u015bmierci by\u0142y: udar m\u00f3zgu, \u015bpi\u0105czka oraz nieodwracalna niewydolno\u015b\u0107 kr\u0105\u017ceniowa. Po nabo\u017ce\u0144stwie pogrzebowym trumna z cia\u0142em Ojca \u015awi\u0119tego zostanie przewieziona do Bazyliki Matki Bo\u017cej Wi\u0119kszej \u2013 miejsca, w kt\u00f3rym spoczn\u0105 jego doczesne szcz\u0105tki, zgodnie z wol\u0105 wyra\u017con\u0105 w testamencie. Na podst. Polsat News<\/p>\n","protected":false},"excerpt":{"rendered":"<p>Premier Donald Tusk poinformowa\u0142, \u017ce prezydent Andrzej Duda b\u0119dzie reprezentowa\u0107 Polsk\u0119 podczas uroczysto\u015bci pogrzebowych papie\u017ca Franciszka, kt\u00f3re odb\u0119d\u0105 si\u0119 w sobot\u0119 o godz. 10:00 na&hellip;<\/p>\n","protected":false},"author":3,"featured_media":898,"comment_status":"open","ping_status":"open","sticky":false,"template":"","format":"standard","meta":{"footnotes":""},"categories":[14,18],"tags":[],"class_list":["post-897","post","type-post","status-publish","format-standard","has-post-thumbnail","hentry","category-polska","category-top-news"],"_links":{"self":[{"href":"https:\/\/radiopoloniawinnipeg.com\/index.php\/wp-json\/wp\/v2\/posts\/897","targetHints":{"allow":["GET"]}}],"collection":[{"href":"https:\/\/radiopoloniawinnipeg.com\/index.php\/wp-json\/wp\/v2\/posts"}],"about":[{"href":"https:\/\/radiopoloniawinnipeg.com\/index.php\/wp-json\/wp\/v2\/types\/post"}],"author":[{"embeddable":true,"href":"https:\/\/radiopoloniawinnipeg.com\/index.php\/wp-json\/wp\/v2\/users\/3"}],"replies":[{"embeddable":true,"href":"https:\/\/radiopoloniawinnipeg.com\/index.php\/wp-json\/wp\/v2\/comments?post=897"}],"version-history":[{"count":0,"href":"https:\/\/radiopoloniawinnipeg.com\/index.php\/wp-json\/wp\/v2\/posts\/897\/revisions"}],"wp:featuredmedia":[{"embeddable":true,"href":"https:\/\/radiopoloniawinnipeg.com\/index.php\/wp-json\/wp\/v2\/media\/898"}],"wp:attachment":[{"href":"https:\/\/radiopoloniawinnipeg.com\/index.php\/wp-json\/wp\/v2\/media?parent=897"}],"wp:term":[{"taxonomy":"category","embeddable":true,"href":"https:\/\/radiopoloniawinnipeg.com\/index.php\/wp-json\/wp\/v2\/categories?post=897"},{"taxonomy":"post_tag","embeddable":true,"href":"https:\/\/radiopoloniawinnipeg.com\/index.php\/wp-json\/wp\/v2\/tags?post=897"}],"curies":[{"name":"wp","href":"https:\/\/api.w.org\/{rel}","templated":true}]}}