{"id":899,"date":"2025-04-23T08:00:07","date_gmt":"2025-04-23T12:00:07","guid":{"rendered":"https:\/\/radiopoloniawinnipeg.com\/index.php\/2025\/04\/23\/zmarl-leszek-kopec-legenda-polskiego-kina\/"},"modified":"2025-04-23T08:00:07","modified_gmt":"2025-04-23T12:00:07","slug":"zmarl-leszek-kopec-legenda-polskiego-kina","status":"publish","type":"post","link":"https:\/\/radiopoloniawinnipeg.com\/index.php\/2025\/04\/23\/zmarl-leszek-kopec-legenda-polskiego-kina\/","title":{"rendered":"Zmar\u0142 Leszek Kope\u0107 \u2013 legenda polskiego kina"},"content":{"rendered":"<p>Nie \u017cyje Leszek Kope\u0107, wieloletni dyrektor Festiwalu Polskich Film\u00f3w Fabularnych w Gdyni, Gdy\u0144skiej Szko\u0142y Filmowej i Pomorskiej Fundacji Filmowej. Zmar\u0142 w \u015brod\u0119, 23 kwietnia, w wieku 74 lat. Informacj\u0119 o jego \u015bmierci przekaza\u0142o Ministerstwo Kultury i Dziedzictwa Narodowego, kt\u00f3re w mediach spo\u0142eczno\u015bciowych napisa\u0142o: \u2013 Przez wiele lat by\u0142 nie tylko organizatorem \u017cycia filmowego, ale r\u00f3wnie\u017c producentem, wydawc\u0105, pisarzem i aktywnym uczestnikiem kultury. Cz\u0142owiek oddany kulturze \u2013 wizjoner. W 2015 roku zosta\u0142 odznaczony Z\u0142otym Medalem \u201eZas\u0142u\u017cony Kulturze Gloria Artis\u201d. Sk\u0142adamy wyrazy wsp\u00f3\u0142czucia Rodzinie i Bliskim. R\u00f3wnie\u017c organizatorzy Festiwalu w Gdyni oddali ho\u0142d jego pami\u0119ci. \u2013 Odszed\u0142 cz\u0142owiek legenda, cz\u0142owiek instytucja, cz\u0142owiek kina. \u0141\u0105czy\u0142 w sobie m\u0105dro\u015b\u0107, skromno\u015b\u0107, charyzm\u0119 i zaciekawienie drugim cz\u0142owiekiem. Zapami\u0119tamy go jako tw\u00f3rc\u0119 kultury i autorytet, ale te\u017c \u2013 o czym wspaniale nam opowiada\u0142 \u2013 kierowc\u0119 rajdowego, producenta parasolek i autora powie\u015bci \u2013 napisano we wzruszaj\u0105cym wpisie na Facebooku. \u2013 Trudno uwierzy\u0107 w \u015bmier\u0107 cz\u0142owieka, kt\u00f3ry by\u0142 od zawsze \u2013 dodano. Przypomniano r\u00f3wnie\u017c, \u017ce w ubieg\u0142ym roku \u015bwi\u0119towa\u0142 25-lecie pracy przy gdy\u0144skim festiwalu. Leszek Kope\u0107 urodzi\u0142 si\u0119 3 lipca 1951 roku w Gda\u0144sku. W 1976 roku uko\u0144czy\u0142 studia na Wydziale Filologii Polskiej Uniwersytetu Gda\u0144skiego. By\u0142 wsp\u00f3\u0142za\u0142o\u017cycielem i redaktorem pisma studenckiego \u201eLiteraria\u201d, redaktorem naczelnym wydawnictwa \u201eFokus\u201d, a tak\u017ce wsp\u00f3\u0142pracownikiem \u201eKuriera Czytelniczego Megaron\u201d. Od 2010 roku wydawa\u0142 \u201eKwartalnik Artystyczny Bliza\u201d. Od 1999 roku by\u0142 dyrektorem Neptun Filmu, a nast\u0119pnie \u2013 przez wiele lat \u2013 dyrektorem Festiwalu Polskich Film\u00f3w Fabularnych. Kierowa\u0142 r\u00f3wnie\u017c Gdy\u0144skim Centrum Filmowym (2015\u20132022) i Gdy\u0144sk\u0105 Szko\u0142\u0105 Filmow\u0105 (od 2010 roku). By\u0142 wielokrotnie nagradzany za swoje zas\u0142ugi dla kultury: otrzyma\u0142 Br\u0105zowy (2005), Srebrny (2009) i Z\u0142oty Medal Zas\u0142u\u017cony Kulturze Gloria Artis (2015), Nagrod\u0119 Artystyczn\u0105 Prezydenta Gdyni (2009) oraz Medal im. Eugeniusza Kwiatkowskiego (2017). W 2022 roku zosta\u0142 uhonorowany Nagrod\u0105 Stowarzyszenia Filmowc\u00f3w Polskich za ca\u0142okszta\u0142t tw\u00f3rczo\u015bci, a w 2025 roku znalaz\u0142 si\u0119 w z\u0142otej dziesi\u0105tce laureat\u00f3w nagrody \u201ePomorzanin Roku\u201d. Na podst. Polsat NewsThis page imported from Bejsment<\/p>\n","protected":false},"excerpt":{"rendered":"<p>Nie \u017cyje Leszek Kope\u0107, wieloletni dyrektor Festiwalu Polskich Film\u00f3w Fabularnych w Gdyni, Gdy\u0144skiej Szko\u0142y Filmowej i Pomorskiej Fundacji Filmowej. Zmar\u0142 w \u015brod\u0119, 23 kwietnia, w&hellip;<\/p>\n","protected":false},"author":3,"featured_media":900,"comment_status":"open","ping_status":"open","sticky":false,"template":"","format":"standard","meta":{"footnotes":""},"categories":[14,18],"tags":[],"class_list":["post-899","post","type-post","status-publish","format-standard","has-post-thumbnail","hentry","category-polska","category-top-news"],"_links":{"self":[{"href":"https:\/\/radiopoloniawinnipeg.com\/index.php\/wp-json\/wp\/v2\/posts\/899","targetHints":{"allow":["GET"]}}],"collection":[{"href":"https:\/\/radiopoloniawinnipeg.com\/index.php\/wp-json\/wp\/v2\/posts"}],"about":[{"href":"https:\/\/radiopoloniawinnipeg.com\/index.php\/wp-json\/wp\/v2\/types\/post"}],"author":[{"embeddable":true,"href":"https:\/\/radiopoloniawinnipeg.com\/index.php\/wp-json\/wp\/v2\/users\/3"}],"replies":[{"embeddable":true,"href":"https:\/\/radiopoloniawinnipeg.com\/index.php\/wp-json\/wp\/v2\/comments?post=899"}],"version-history":[{"count":0,"href":"https:\/\/radiopoloniawinnipeg.com\/index.php\/wp-json\/wp\/v2\/posts\/899\/revisions"}],"wp:featuredmedia":[{"embeddable":true,"href":"https:\/\/radiopoloniawinnipeg.com\/index.php\/wp-json\/wp\/v2\/media\/900"}],"wp:attachment":[{"href":"https:\/\/radiopoloniawinnipeg.com\/index.php\/wp-json\/wp\/v2\/media?parent=899"}],"wp:term":[{"taxonomy":"category","embeddable":true,"href":"https:\/\/radiopoloniawinnipeg.com\/index.php\/wp-json\/wp\/v2\/categories?post=899"},{"taxonomy":"post_tag","embeddable":true,"href":"https:\/\/radiopoloniawinnipeg.com\/index.php\/wp-json\/wp\/v2\/tags?post=899"}],"curies":[{"name":"wp","href":"https:\/\/api.w.org\/{rel}","templated":true}]}}