{"id":903,"date":"2025-04-23T08:45:05","date_gmt":"2025-04-23T12:45:05","guid":{"rendered":"https:\/\/radiopoloniawinnipeg.com\/index.php\/2025\/04\/23\/skazany-duchowny-domaga-sie-udzialu-w-konklawe\/"},"modified":"2025-04-23T08:45:05","modified_gmt":"2025-04-23T12:45:05","slug":"skazany-duchowny-domaga-sie-udzialu-w-konklawe","status":"publish","type":"post","link":"https:\/\/radiopoloniawinnipeg.com\/index.php\/2025\/04\/23\/skazany-duchowny-domaga-sie-udzialu-w-konklawe\/","title":{"rendered":"Skazany duchowny domaga si\u0119 udzia\u0142u w konklawe"},"content":{"rendered":"<p>Kardyna\u0142 Angelo Becciu Gdy w Watykanie trwaj\u0105 przygotowania do pogrzebu papie\u017ca Franciszka i nadchodz\u0105cego konklawe, coraz wi\u0119ksze emocje budzi postawa kardyna\u0142a Angelo Becciu, kt\u00f3ry \u2013 cho\u0107 pozbawiony praw wynikaj\u0105cych z godno\u015bci purpurata \u2013 domaga si\u0119 udzia\u0142u w wyborze nowego papie\u017ca. Jego roszczenia dziel\u0105 kardyna\u0142\u00f3w i budz\u0105 kontrowersje w\u015br\u00f3d elektor\u00f3w. 76-letni kard. Becciu, pochodz\u0105cy z Sardynii, przez lata by\u0142 jedn\u0105 z najbardziej wp\u0142ywowych postaci w Watykanie. W latach 2011\u20132018 pe\u0142ni\u0142 funkcj\u0119 zast\u0119pcy sekretarza stanu Stolicy Apostolskiej, a nast\u0119pnie zosta\u0142 mianowany prefektem Kongregacji Spraw Kanonizacyjnych. We wrze\u015bniu 2020 roku, po ujawnieniu pierwszych doniesie\u0144 o skandalu finansowym w Sekretariacie Stanu, papie\u017c Franciszek pozbawi\u0142 Becciu wszystkich pe\u0142nionych funkcji oraz praw zwi\u0105zanych z godno\u015bci\u0105 kardynalsk\u0105 \u2013 co oznacza\u0142o r\u00f3wnie\u017c wykluczenie z udzia\u0142u w konklawe. Skandal i wyrok Sprawa, kt\u00f3ra zapocz\u0105tkowa\u0142a upadek Becciu, dotyczy\u0142a m.in. kontrowersyjnego zakupu luksusowej nieruchomo\u015bci w Londynie za \u015brodki Sekretariatu Stanu \u2013 w tym z funduszy \u015bwi\u0119topietrza, czyli datk\u00f3w od wiernych przeznaczonych na dzia\u0142alno\u015b\u0107 papiesk\u0105 i charytatywn\u0105. Informacje ujawni\u0142 tygodnik L\u2019Espresso. Becciu uzna\u0142 publikacj\u0119 za znies\u0142awienie i pozwa\u0142 redakcj\u0119, \u017c\u0105daj\u0105c 10 milion\u00f3w euro zado\u015b\u0107uczynienia na cele dobroczynne. Przegra\u0142 jednak spraw\u0119, a s\u0105d uzna\u0142, \u017ce artyku\u0142 mie\u015bci\u0142 si\u0119 w granicach dziennikarskiej rzetelno\u015bci. W grudniu 2023 roku Trybuna\u0142 Pa\u0144stwa Watyka\u0144skiego skaza\u0142 Becciu na 5,5 roku wi\u0119zienia za sprzeniewierzenie funduszy i nadu\u017cycie uprawnie\u0144. Kardyna\u0142 z\u0142o\u017cy\u0142 apelacj\u0119, twierdz\u0105c, \u017ce jest niewinny. Sp\u00f3r o konklawe Mimo skazania Becciu nie godzi si\u0119 z decyzj\u0105 o wykluczeniu z konklawe. Cho\u0107 nie znajduje si\u0119 na li\u015bcie elektor\u00f3w, wyrazi\u0142 wol\u0119 udzia\u0142u w g\u0142osowaniu. W rozmowie z dziennikiem Unione Sarda stwierdzi\u0142: \u2013 Papie\u017c nigdy nie wyrazi\u0142 bezpo\u015brednio woli mojego wykluczenia z konklawe ani nie za\u017c\u0105da\u0142 ode mnie pisemnej rezygnacji. Becciu twierdzi r\u00f3wnie\u017c, \u017ce papie\u017c mu przebaczy\u0142, zapraszaj\u0105c go na ostatni konsystorz, co wed\u0142ug niego mia\u0142o potwierdza\u0107 jego \u201eprerogatywy kardynalskie\u201d. Watykani\u015bci przypominaj\u0105 jednak, \u017ce ostateczna decyzja o dopuszczeniu Becciu do wybor\u00f3w papie\u017ca nale\u017cy do kongregacji generalnej kardyna\u0142\u00f3w, kt\u00f3ra zbiera si\u0119 w czasie wakatu na Tronie Piotrowym. Wielu kardyna\u0142\u00f3w jest stanowczo przeciwnych jego obecno\u015bci. Najostrzej spraw\u0119 komentuje dziennik Il Fatto Quotidiano, kt\u00f3ry okre\u015bla Becciu mianem \u201eczarnej owcy konklawe\u201d. Na podst. KAI<\/p>\n","protected":false},"excerpt":{"rendered":"<p>Kardyna\u0142 Angelo Becciu Gdy w Watykanie trwaj\u0105 przygotowania do pogrzebu papie\u017ca Franciszka i nadchodz\u0105cego konklawe, coraz wi\u0119ksze emocje budzi postawa kardyna\u0142a Angelo Becciu, kt\u00f3ry \u2013&hellip;<\/p>\n","protected":false},"author":3,"featured_media":904,"comment_status":"open","ping_status":"open","sticky":false,"template":"","format":"standard","meta":{"footnotes":""},"categories":[15,18],"tags":[],"class_list":["post-903","post","type-post","status-publish","format-standard","has-post-thumbnail","hentry","category-swiat","category-top-news"],"_links":{"self":[{"href":"https:\/\/radiopoloniawinnipeg.com\/index.php\/wp-json\/wp\/v2\/posts\/903","targetHints":{"allow":["GET"]}}],"collection":[{"href":"https:\/\/radiopoloniawinnipeg.com\/index.php\/wp-json\/wp\/v2\/posts"}],"about":[{"href":"https:\/\/radiopoloniawinnipeg.com\/index.php\/wp-json\/wp\/v2\/types\/post"}],"author":[{"embeddable":true,"href":"https:\/\/radiopoloniawinnipeg.com\/index.php\/wp-json\/wp\/v2\/users\/3"}],"replies":[{"embeddable":true,"href":"https:\/\/radiopoloniawinnipeg.com\/index.php\/wp-json\/wp\/v2\/comments?post=903"}],"version-history":[{"count":0,"href":"https:\/\/radiopoloniawinnipeg.com\/index.php\/wp-json\/wp\/v2\/posts\/903\/revisions"}],"wp:featuredmedia":[{"embeddable":true,"href":"https:\/\/radiopoloniawinnipeg.com\/index.php\/wp-json\/wp\/v2\/media\/904"}],"wp:attachment":[{"href":"https:\/\/radiopoloniawinnipeg.com\/index.php\/wp-json\/wp\/v2\/media?parent=903"}],"wp:term":[{"taxonomy":"category","embeddable":true,"href":"https:\/\/radiopoloniawinnipeg.com\/index.php\/wp-json\/wp\/v2\/categories?post=903"},{"taxonomy":"post_tag","embeddable":true,"href":"https:\/\/radiopoloniawinnipeg.com\/index.php\/wp-json\/wp\/v2\/tags?post=903"}],"curies":[{"name":"wp","href":"https:\/\/api.w.org\/{rel}","templated":true}]}}