{"id":907,"date":"2025-04-23T10:00:06","date_gmt":"2025-04-23T14:00:06","guid":{"rendered":"https:\/\/radiopoloniawinnipeg.com\/index.php\/2025\/04\/23\/rekordowa-frekwencja-w-glosowaniu-przedterminowym\/"},"modified":"2025-04-23T10:00:06","modified_gmt":"2025-04-23T14:00:06","slug":"rekordowa-frekwencja-w-glosowaniu-przedterminowym","status":"publish","type":"post","link":"https:\/\/radiopoloniawinnipeg.com\/index.php\/2025\/04\/23\/rekordowa-frekwencja-w-glosowaniu-przedterminowym\/","title":{"rendered":"Rekordowa frekwencja w g\u0142osowaniu przedterminowym"},"content":{"rendered":"<p>W zwi\u0105zku z rosn\u0105cym zainteresowaniem g\u0142osowaniem przed terminem, Elections Canada odnotowa\u0142o znacz\u0105cy wzrost liczby os\u00f3b, kt\u00f3re odda\u0142y sw\u00f3j g\u0142os jeszcze przed oficjalnym dniem wybor\u00f3w powszechnych, zaplanowanym na 28 kwietnia. Wed\u0142ug wst\u0119pnych danych, w ci\u0105gu czterech dni d\u0142ugiego weekendu wielkanocnego z prawa do wcze\u015bniejszego g\u0142osowania skorzysta\u0142o oko\u0142o 7,3 miliona Kanadyjczyk\u00f3w. To a\u017c 25-procentowy wzrost w por\u00f3wnaniu do wybor\u00f3w z 2021 roku, gdy g\u0142osy przedterminowe odda\u0142o 5,8 miliona os\u00f3b. Co wi\u0119cej, sam Wielki Pi\u0105tek przyni\u00f3s\u0142 rekord frekwencyjny \u2013 tego dnia zag\u0142osowa\u0142o oko\u0142o 2 milion\u00f3w os\u00f3b, co stanowi najwy\u017cszy jednodniowy wynik w historii g\u0142osowania przedterminowego w kraju. Urz\u0119dnicy zaznaczaj\u0105, \u017ce dane mog\u0105 jeszcze wzrosn\u0105\u0107, poniewa\u017c nie wszystkie lokale wyborcze przes\u0142a\u0142y wyniki na czas. Zainteresowanie wcze\u015bniejszym g\u0142osowaniem ro\u015bnie systematycznie od lat. W 2011 roku skorzysta\u0142o z niego 2,1 mln wyborc\u00f3w, w 2015 \u2013 3,6 mln, a w 2019 \u2013 ju\u017c ponad 4,8 mln. Na podst. Canadian Press<\/p>\n","protected":false},"excerpt":{"rendered":"<p>W zwi\u0105zku z rosn\u0105cym zainteresowaniem g\u0142osowaniem przed terminem, Elections Canada odnotowa\u0142o znacz\u0105cy wzrost liczby os\u00f3b, kt\u00f3re odda\u0142y sw\u00f3j g\u0142os jeszcze przed oficjalnym dniem wybor\u00f3w powszechnych,&hellip;<\/p>\n","protected":false},"author":3,"featured_media":908,"comment_status":"open","ping_status":"open","sticky":false,"template":"","format":"standard","meta":{"footnotes":""},"categories":[12,18],"tags":[],"class_list":["post-907","post","type-post","status-publish","format-standard","has-post-thumbnail","hentry","category-kanada","category-top-news"],"_links":{"self":[{"href":"https:\/\/radiopoloniawinnipeg.com\/index.php\/wp-json\/wp\/v2\/posts\/907","targetHints":{"allow":["GET"]}}],"collection":[{"href":"https:\/\/radiopoloniawinnipeg.com\/index.php\/wp-json\/wp\/v2\/posts"}],"about":[{"href":"https:\/\/radiopoloniawinnipeg.com\/index.php\/wp-json\/wp\/v2\/types\/post"}],"author":[{"embeddable":true,"href":"https:\/\/radiopoloniawinnipeg.com\/index.php\/wp-json\/wp\/v2\/users\/3"}],"replies":[{"embeddable":true,"href":"https:\/\/radiopoloniawinnipeg.com\/index.php\/wp-json\/wp\/v2\/comments?post=907"}],"version-history":[{"count":0,"href":"https:\/\/radiopoloniawinnipeg.com\/index.php\/wp-json\/wp\/v2\/posts\/907\/revisions"}],"wp:featuredmedia":[{"embeddable":true,"href":"https:\/\/radiopoloniawinnipeg.com\/index.php\/wp-json\/wp\/v2\/media\/908"}],"wp:attachment":[{"href":"https:\/\/radiopoloniawinnipeg.com\/index.php\/wp-json\/wp\/v2\/media?parent=907"}],"wp:term":[{"taxonomy":"category","embeddable":true,"href":"https:\/\/radiopoloniawinnipeg.com\/index.php\/wp-json\/wp\/v2\/categories?post=907"},{"taxonomy":"post_tag","embeddable":true,"href":"https:\/\/radiopoloniawinnipeg.com\/index.php\/wp-json\/wp\/v2\/tags?post=907"}],"curies":[{"name":"wp","href":"https:\/\/api.w.org\/{rel}","templated":true}]}}