{"id":909,"date":"2025-04-23T10:15:05","date_gmt":"2025-04-23T14:15:05","guid":{"rendered":"https:\/\/radiopoloniawinnipeg.com\/index.php\/2025\/04\/23\/zwrot-w-sprawie-dariusza-mateckiego\/"},"modified":"2025-04-23T10:15:05","modified_gmt":"2025-04-23T14:15:05","slug":"zwrot-w-sprawie-dariusza-mateckiego","status":"publish","type":"post","link":"https:\/\/radiopoloniawinnipeg.com\/index.php\/2025\/04\/23\/zwrot-w-sprawie-dariusza-mateckiego\/","title":{"rendered":"Zwrot w sprawie Dariusza Mateckiego"},"content":{"rendered":"<p>S\u0105d Okr\u0119gowy w Warszawie zdecydowa\u0142 w \u015brod\u0119, \u017ce pose\u0142 Dariusz Matecki mo\u017ce opu\u015bci\u0107 areszt po wp\u0142aceniu por\u0119czenia maj\u0105tkowego w wysoko\u015bci 500 tys. z\u0142otych. Termin wp\u0142aty mija 6 maja. W przypadku dokonania wp\u0142aty, \u015brodek zapobiegawczy zostanie zmieniony na doz\u00f3r policyjny oraz zakaz opuszczania kraju. \u2013 Taka kwota jest realna \u2013 powiedzia\u0142 po rozprawie adwokat polityka, mec. Kacper Stukan. Podkre\u015bli\u0142, \u017ce od pocz\u0105tku wnioskowa\u0142 o zastosowanie wolno\u015bciowych \u015brodk\u00f3w zapobiegawczych, kt\u00f3re \u201ezabezpieczaj\u0105 post\u0119powanie, a nie s\u0105 nadmiernie dotkliwe\u201d. Prokurator Dariusz \u015alepokura poinformowa\u0142, \u017ce s\u0105d uzna\u0142, i\u017c materia\u0142 dowodowy wskazuje na du\u017ce prawdopodobie\u0144stwo pope\u0142nienia przez pos\u0142a zarzucanych mu czyn\u00f3w. Z kolei pose\u0142 PiS Mariusz Gosek wyrazi\u0142 zadowolenie z decyzji s\u0105du, podkre\u015blaj\u0105c, \u017ce partia zrobi wszystko, aby potrzebne \u015brodki zosta\u0142y zgromadzone. \u2013 Ubolewam jedynie, \u017ce pan Dariusz Matecki musia\u0142 sp\u0119dzi\u0107 \u015bwi\u0119ta wielkanocne w areszcie \u2013 doda\u0142. Tymczasem do s\u0105du trafi\u0142 r\u00f3wnie\u017c wniosek prokuratury o przed\u0142u\u017cenie tymczasowego aresztu o kolejny miesi\u0105c. Zostanie on rozpatrzony 29 kwietnia. \u015aledztwo ws. Funduszu Sprawiedliwo\u015bci Dariusz Matecki, pose\u0142 PiS, zosta\u0142 zatrzymany 7 marca przez Agencj\u0119 Bezpiecze\u0144stwa Wewn\u0119trznego w zwi\u0105zku ze \u015bledztwem dotycz\u0105cym nieprawid\u0142owo\u015bci w Funduszu Sprawiedliwo\u015bci. Us\u0142ysza\u0142 sze\u015b\u0107 zarzut\u00f3w, za kt\u00f3re grozi kara do 10 lat wi\u0119zienia. Z\u0142o\u017cy\u0142 wyja\u015bnienia, ale nie przyzna\u0142 si\u0119 do winy. Dzie\u0144 po zatrzymaniu s\u0105d zdecydowa\u0142 o dwumiesi\u0119cznym areszcie tymczasowym. \u2013 Materia\u0142 dowodowy uprawdopodabnia pope\u0142nienie przest\u0119pstw, a tak\u017ce istnieje obawa matactwa \u2013 uzasadnia\u0142 decyzj\u0119 prokurator Piotr Wo\u017aniak z Prokuratury Krajowej. Hospitalizacja w areszcie 11 marca Matecki zosta\u0142 przetransportowany do oddzia\u0142u szpitalnego Aresztu \u015aledczego w Radomiu. Informacj\u0119 t\u0119 przekaza\u0142 w mediach spo\u0142eczno\u015bciowych pose\u0142 Mariusz Gosek, zaznaczaj\u0105c, \u017ce Matecki \u201eotrzymuje sta\u0142\u0105 opiek\u0119 medyczn\u0105\u201d. Szczeg\u00f3\u0142y dotycz\u0105ce stanu zdrowia nie zosta\u0142y ujawnione \u2013 maj\u0105 one pozosta\u0107 prywatne na \u017cyczenie rodziny. \u201eWi\u0119zie\u0144 polityczny\u201d \u2013 komentarz Przemys\u0142awa Czarnka Sprawa Mateckiego wzbudza r\u00f3wnie\u017c polityczne emocje. Pose\u0142 PiS Przemys\u0142aw Czarnek, w \u015brodowym programie \u201eGraffiti\u201d na antenie Polsat News, nazwa\u0142 swojego partyjnego koleg\u0119 \u201ewi\u0119\u017aniem politycznym\u201d. \u2013 Nie ma \u017cadnych dowod\u00f3w, a mimo to przed\u0142u\u017ca mu si\u0119 areszt. To proces sfingowany, zarzuty s\u0105 fikcyjne \u2013 oceni\u0142 Czarnek. \u2013 Chodzi o to, by trzyma\u0107 go w areszcie do wybor\u00f3w i sprawia\u0107 wra\u017cenie, \u017ce pope\u0142ni\u0142 jakie\u015b przest\u0119pstwo \u2013 doda\u0142. Na podst. Polsat News<\/p>\n","protected":false},"excerpt":{"rendered":"<p>S\u0105d Okr\u0119gowy w Warszawie zdecydowa\u0142 w \u015brod\u0119, \u017ce pose\u0142 Dariusz Matecki mo\u017ce opu\u015bci\u0107 areszt po wp\u0142aceniu por\u0119czenia maj\u0105tkowego w wysoko\u015bci 500 tys. z\u0142otych. Termin wp\u0142aty&hellip;<\/p>\n","protected":false},"author":3,"featured_media":910,"comment_status":"open","ping_status":"open","sticky":false,"template":"","format":"standard","meta":{"footnotes":""},"categories":[14,18],"tags":[],"class_list":["post-909","post","type-post","status-publish","format-standard","has-post-thumbnail","hentry","category-polska","category-top-news"],"_links":{"self":[{"href":"https:\/\/radiopoloniawinnipeg.com\/index.php\/wp-json\/wp\/v2\/posts\/909","targetHints":{"allow":["GET"]}}],"collection":[{"href":"https:\/\/radiopoloniawinnipeg.com\/index.php\/wp-json\/wp\/v2\/posts"}],"about":[{"href":"https:\/\/radiopoloniawinnipeg.com\/index.php\/wp-json\/wp\/v2\/types\/post"}],"author":[{"embeddable":true,"href":"https:\/\/radiopoloniawinnipeg.com\/index.php\/wp-json\/wp\/v2\/users\/3"}],"replies":[{"embeddable":true,"href":"https:\/\/radiopoloniawinnipeg.com\/index.php\/wp-json\/wp\/v2\/comments?post=909"}],"version-history":[{"count":0,"href":"https:\/\/radiopoloniawinnipeg.com\/index.php\/wp-json\/wp\/v2\/posts\/909\/revisions"}],"wp:featuredmedia":[{"embeddable":true,"href":"https:\/\/radiopoloniawinnipeg.com\/index.php\/wp-json\/wp\/v2\/media\/910"}],"wp:attachment":[{"href":"https:\/\/radiopoloniawinnipeg.com\/index.php\/wp-json\/wp\/v2\/media?parent=909"}],"wp:term":[{"taxonomy":"category","embeddable":true,"href":"https:\/\/radiopoloniawinnipeg.com\/index.php\/wp-json\/wp\/v2\/categories?post=909"},{"taxonomy":"post_tag","embeddable":true,"href":"https:\/\/radiopoloniawinnipeg.com\/index.php\/wp-json\/wp\/v2\/tags?post=909"}],"curies":[{"name":"wp","href":"https:\/\/api.w.org\/{rel}","templated":true}]}}