{"id":911,"date":"2025-04-23T12:15:05","date_gmt":"2025-04-23T16:15:05","guid":{"rendered":"https:\/\/radiopoloniawinnipeg.com\/index.php\/2025\/04\/23\/wierni-z-calego-swiata-na-placu-swietego-piotra\/"},"modified":"2025-04-23T12:15:05","modified_gmt":"2025-04-23T16:15:05","slug":"wierni-z-calego-swiata-na-placu-swietego-piotra","status":"publish","type":"post","link":"https:\/\/radiopoloniawinnipeg.com\/index.php\/2025\/04\/23\/wierni-z-calego-swiata-na-placu-swietego-piotra\/","title":{"rendered":"Wierni z ca\u0142ego \u015bwiata na Placu \u015awi\u0119tego Piotra"},"content":{"rendered":"<p>We wtorek plac \u015awi\u0119tego Piotra w Watykanie wype\u0142ni\u0142 si\u0119 tysi\u0105cami wiernych z ca\u0142ego \u015bwiata, kt\u00f3rzy przybyli, by uczestniczy\u0107 w modlitwie r\u00f3\u017ca\u0144cowej za zmar\u0142ego papie\u017ca Franciszka. Jak poda\u0142a w\u0142oska agencja ANSA, tego dnia przez plac przesz\u0142o oko\u0142o 50 tysi\u0119cy os\u00f3b. Modlitwie przewodniczy\u0142 kardyna\u0142 Giovanni Battista Re, dziekan Kolegium Kardynalskiego, kt\u00f3ry w sobot\u0119 odprawi r\u00f3wnie\u017c msz\u0119 pogrzebow\u0105. Na modlitwie obecni byli duchowni z Watykanu i Rzymu, pielgrzymi z wielu kraj\u00f3w oraz mieszka\u0144cy stolicy W\u0142och. \u2013 Chcemy podzi\u0119kowa\u0107 Panu za dary, jakie otrzymali\u015bmy poprzez apostolsk\u0105 pos\u0142ug\u0119 papie\u017ca Franciszka \u2013 powiedzia\u0142 kardyna\u0142 Re. \u201eSanto subito\u201d \u2013 papie\u017c Franciszek kandydatem na o\u0142tarze? Wielu wiernych m\u00f3wi\u0142o w\u0142oskim mediom o Franciszku jako o \u201ecz\u0142owieku niesko\u0144czonego dobra\u201d i \u201epapie\u017cu mi\u0142osierdzia\u201d. Cz\u0119\u015b\u0107 z nich wyra\u017ca\u0142a przekonanie o jego \u015bwi\u0119to\u015bci, wznosz\u0105c has\u0142o \u201esanto subito\u201d \u2013 apel o natychmiastowe rozpocz\u0119cie procesu beatyfikacyjnego. W ge\u015bcie \u017ca\u0142oby wy\u0142\u0105czono o\u015bwietlenie Koloseum, jednego z najbardziej symbolicznych miejsc Rzymu. 200 tysi\u0119cy os\u00f3b na pogrzebie, nadzwyczajne \u015brodki bezpiecze\u0144stwa Wed\u0142ug szacunk\u00f3w w\u0142oskich s\u0142u\u017cb, w sobotnich uroczysto\u015bciach pogrzebowych papie\u017ca Franciszka we\u017amie udzia\u0142 oko\u0142o 200 tysi\u0119cy wiernych. Na placu \u015awi\u0119tego Piotra pojawi si\u0119 tak\u017ce ponad sto delegacji z ca\u0142ego \u015bwiata, w tym g\u0142owy pa\u0144stw i szefowie rz\u0105d\u00f3w. W\u0142adze wprowadzaj\u0105 rozbudowane \u015brodki bezpiecze\u0144stwa. Do Rzymu \u015bci\u0105gane s\u0105 dodatkowe si\u0142y \u2013 w\u015br\u00f3d nich snajperzy, saperzy oraz specjali\u015bci od zagro\u017ce\u0144 chemicznych, biologicznych i radiologicznych. Pod szczeg\u00f3lnym nadzorem znajd\u0105 si\u0119 lotniska, dworce kolejowe oraz miejsca zakwaterowania zagranicznych go\u015bci. Na podst. KAI i Polsat News<\/p>\n","protected":false},"excerpt":{"rendered":"<p>We wtorek plac \u015awi\u0119tego Piotra w Watykanie wype\u0142ni\u0142 si\u0119 tysi\u0105cami wiernych z ca\u0142ego \u015bwiata, kt\u00f3rzy przybyli, by uczestniczy\u0107 w modlitwie r\u00f3\u017ca\u0144cowej za zmar\u0142ego papie\u017ca Franciszka.&hellip;<\/p>\n","protected":false},"author":3,"featured_media":912,"comment_status":"open","ping_status":"open","sticky":false,"template":"","format":"standard","meta":{"footnotes":""},"categories":[15,18],"tags":[],"class_list":["post-911","post","type-post","status-publish","format-standard","has-post-thumbnail","hentry","category-swiat","category-top-news"],"_links":{"self":[{"href":"https:\/\/radiopoloniawinnipeg.com\/index.php\/wp-json\/wp\/v2\/posts\/911","targetHints":{"allow":["GET"]}}],"collection":[{"href":"https:\/\/radiopoloniawinnipeg.com\/index.php\/wp-json\/wp\/v2\/posts"}],"about":[{"href":"https:\/\/radiopoloniawinnipeg.com\/index.php\/wp-json\/wp\/v2\/types\/post"}],"author":[{"embeddable":true,"href":"https:\/\/radiopoloniawinnipeg.com\/index.php\/wp-json\/wp\/v2\/users\/3"}],"replies":[{"embeddable":true,"href":"https:\/\/radiopoloniawinnipeg.com\/index.php\/wp-json\/wp\/v2\/comments?post=911"}],"version-history":[{"count":0,"href":"https:\/\/radiopoloniawinnipeg.com\/index.php\/wp-json\/wp\/v2\/posts\/911\/revisions"}],"wp:featuredmedia":[{"embeddable":true,"href":"https:\/\/radiopoloniawinnipeg.com\/index.php\/wp-json\/wp\/v2\/media\/912"}],"wp:attachment":[{"href":"https:\/\/radiopoloniawinnipeg.com\/index.php\/wp-json\/wp\/v2\/media?parent=911"}],"wp:term":[{"taxonomy":"category","embeddable":true,"href":"https:\/\/radiopoloniawinnipeg.com\/index.php\/wp-json\/wp\/v2\/categories?post=911"},{"taxonomy":"post_tag","embeddable":true,"href":"https:\/\/radiopoloniawinnipeg.com\/index.php\/wp-json\/wp\/v2\/tags?post=911"}],"curies":[{"name":"wp","href":"https:\/\/api.w.org\/{rel}","templated":true}]}}