{"id":913,"date":"2025-04-23T13:00:09","date_gmt":"2025-04-23T17:00:09","guid":{"rendered":"https:\/\/radiopoloniawinnipeg.com\/index.php\/2025\/04\/23\/ceremonia-przeniesienia-ciala-franciszka-do-bazyliki-sw-piotra\/"},"modified":"2025-04-23T13:00:09","modified_gmt":"2025-04-23T17:00:09","slug":"ceremonia-przeniesienia-ciala-franciszka-do-bazyliki-sw-piotra","status":"publish","type":"post","link":"https:\/\/radiopoloniawinnipeg.com\/index.php\/2025\/04\/23\/ceremonia-przeniesienia-ciala-franciszka-do-bazyliki-sw-piotra\/","title":{"rendered":"Ceremonia przeniesienia cia\u0142a Franciszka do Bazyliki \u015bw. Piotra"},"content":{"rendered":"<p>Dzisiaj, w \u015brod\u0119 o godzinie 9:00 rozpocz\u0119\u0142a si\u0119 ceremonia przeniesienia trumny z cia\u0142em papie\u017ca Franciszka z Domu \u015awi\u0119tej Marty do Bazyliki \u015awi\u0119tego Piotra, gdzie wierni b\u0119d\u0105 mogli oddawa\u0107 ho\u0142d zmar\u0142emu a\u017c do pi\u0105tkowego wieczoru. Zgodnie z zasadami poch\u00f3wku papie\u017cy, kt\u00f3re papie\u017c Franciszek zatwierdzi\u0142 w ubieg\u0142ym roku w dokumencie Ordo Exsequiarum Romani Pontificis, uroczysto\u015bci rozpocz\u0119\u0142y si\u0119 kr\u00f3tk\u0105 modlitw\u0105 w kaplicy Domu \u015bw. Marty, prowadzonej przez kamerlinga \u015awi\u0119tego Ko\u015bcio\u0142a Rzymskiego, kardyna\u0142a Kevina Farrella. Procesja i modlitwa przy O\u0142tarzu Konfesji Procesja z trumn\u0105 przesz\u0142a przez Plac \u015awi\u0119tej Marty, Plac Protom\u0119czennik\u00f3w Rzymskich i pod \u0141ukiem Dzwon\u00f3w dotar\u0142a na Plac \u015awi\u0119tego Piotra, sk\u0105d trumn\u0119 wniesiono g\u0142\u00f3wnym wej\u015bciem do bazyliki. Po wniesieniu trumny odby\u0142a si\u0119 modlitwa przy O\u0142tarzu Konfesji, kt\u00f3rej r\u00f3wnie\u017c przewodniczy\u0142 kard. Farrell. W trakcie modlitwy od\u015bpiewano mi\u0119dzy innymi Litani\u0119 do Wszystkich \u015awi\u0119tych. Ho\u0142d wiernych do pi\u0105tku wieczorem Zgodnie ze zmienionymi przepisami, trumna z cia\u0142em papie\u017ca Franciszka zosta\u0142a zamkni\u0119ta jeszcze przed udost\u0119pnieniem jej wiernym, kt\u00f3rzy mog\u0105 modli\u0107 si\u0119 przy niej a\u017c do pi\u0105tkowego wieczoru, poprzedzaj\u0105cego sobotnie uroczysto\u015bci pogrzebowe. Do Bazyliki \u015awi\u0119tego Piotra nie b\u0119d\u0105 wpuszczane zorganizowane grupy pielgrzymkowe \u2013 ograniczenia te wynikaj\u0105 z przygotowa\u0144 do sobotnich uroczysto\u015bci, prowadzonych na Via della Conciliazione, kt\u00f3ra jest cz\u0119\u015bciowo zamkni\u0119ta. Dla wiernych indywidualnych otwartych b\u0119dzie cztery wej\u015bcia do bazyliki: dwa po obu stronach balustrady oraz dwa bezpo\u015brednio z placu. Wszyscy odwiedzaj\u0105cy przechodzi\u0107 b\u0119d\u0105 przez Drzwi \u015awi\u0119te, a nast\u0119pnie kierowa\u0107 si\u0119 naw\u0105 g\u0142\u00f3wn\u0105 w stron\u0119 miejsca wystawienia trumny. Na podst. KAI<\/p>\n","protected":false},"excerpt":{"rendered":"<p>Dzisiaj, w \u015brod\u0119 o godzinie 9:00 rozpocz\u0119\u0142a si\u0119 ceremonia przeniesienia trumny z cia\u0142em papie\u017ca Franciszka z Domu \u015awi\u0119tej Marty do Bazyliki \u015awi\u0119tego Piotra, gdzie wierni&hellip;<\/p>\n","protected":false},"author":3,"featured_media":914,"comment_status":"open","ping_status":"open","sticky":false,"template":"","format":"standard","meta":{"footnotes":""},"categories":[15,18],"tags":[],"class_list":["post-913","post","type-post","status-publish","format-standard","has-post-thumbnail","hentry","category-swiat","category-top-news"],"_links":{"self":[{"href":"https:\/\/radiopoloniawinnipeg.com\/index.php\/wp-json\/wp\/v2\/posts\/913","targetHints":{"allow":["GET"]}}],"collection":[{"href":"https:\/\/radiopoloniawinnipeg.com\/index.php\/wp-json\/wp\/v2\/posts"}],"about":[{"href":"https:\/\/radiopoloniawinnipeg.com\/index.php\/wp-json\/wp\/v2\/types\/post"}],"author":[{"embeddable":true,"href":"https:\/\/radiopoloniawinnipeg.com\/index.php\/wp-json\/wp\/v2\/users\/3"}],"replies":[{"embeddable":true,"href":"https:\/\/radiopoloniawinnipeg.com\/index.php\/wp-json\/wp\/v2\/comments?post=913"}],"version-history":[{"count":0,"href":"https:\/\/radiopoloniawinnipeg.com\/index.php\/wp-json\/wp\/v2\/posts\/913\/revisions"}],"wp:featuredmedia":[{"embeddable":true,"href":"https:\/\/radiopoloniawinnipeg.com\/index.php\/wp-json\/wp\/v2\/media\/914"}],"wp:attachment":[{"href":"https:\/\/radiopoloniawinnipeg.com\/index.php\/wp-json\/wp\/v2\/media?parent=913"}],"wp:term":[{"taxonomy":"category","embeddable":true,"href":"https:\/\/radiopoloniawinnipeg.com\/index.php\/wp-json\/wp\/v2\/categories?post=913"},{"taxonomy":"post_tag","embeddable":true,"href":"https:\/\/radiopoloniawinnipeg.com\/index.php\/wp-json\/wp\/v2\/tags?post=913"}],"curies":[{"name":"wp","href":"https:\/\/api.w.org\/{rel}","templated":true}]}}