{"id":915,"date":"2025-04-23T13:45:02","date_gmt":"2025-04-23T17:45:02","guid":{"rendered":"https:\/\/radiopoloniawinnipeg.com\/index.php\/2025\/04\/23\/jak-obronic-kanade-eksperci-twierdza-ze-programy-wyborcze-mijaja-sie-z-celem\/"},"modified":"2025-04-23T13:45:02","modified_gmt":"2025-04-23T17:45:02","slug":"jak-obronic-kanade-eksperci-twierdza-ze-programy-wyborcze-mijaja-sie-z-celem","status":"publish","type":"post","link":"https:\/\/radiopoloniawinnipeg.com\/index.php\/2025\/04\/23\/jak-obronic-kanade-eksperci-twierdza-ze-programy-wyborcze-mijaja-sie-z-celem\/","title":{"rendered":"Jak obroni\u0107 Kanad\u0119? Eksperci twierdz\u0105, \u017ce programy wyborcze mijaj\u0105 si\u0119 z celem"},"content":{"rendered":"<p>Partie skupiaj\u0105 si\u0119 na bazach wojskowych i sprz\u0119cie, a pomijaj\u0105 kwestie fundamentalne. W politykach obronnych zar\u00f3wno libera\u0142\u00f3w, jak i konserwatyst\u00f3w wyczuwalna jest nuta rywalizacji na zasadzie \u201ecokolwiek ty zrobisz, ja zrobi\u0119 lepiej\u201d \u2013 twierdz\u0105 trzej eksperci ds. bezpiecze\u0144stwa narodowego i wojska. Ich zdaniem jednak obie partie albo nie dostrzegaj\u0105, albo celowo unikaj\u0105 najwa\u017cniejszej kwestii bezpiecze\u0144stwa narodowego, jaka staje przed Kanad\u0105 w tych wyborach. Jak m\u00f3wi\u0105, wyborcy zadaj\u0105 sobie obecnie pytanie: Co musi si\u0119 wydarzy\u0107, by Kanada potrafi\u0142a si\u0119 obroni\u0107 samodzielnie \u2013 bez pomocy, a mo\u017ce nawet przeciwko Stanom Zjednoczonym? We wtorek konserwaty\u015bci zaprezentowali sw\u00f3j kosztorysowany program, zawieraj\u0105cy tak\u017ce elementy dotycz\u0105ce obronno\u015bci. Libera\u0142owie przedstawili sw\u00f3j, nieco bardziej szczeg\u00f3\u0142owy, plan w sobot\u0119, w czasie gdy wielu Kanadyjczyk\u00f3w uczestniczy\u0142o ju\u017c w g\u0142osowaniu przedterminowym lub korzysta\u0142o z wolnego wielkanocnego weekendu. Uderzaj\u0105ce \u2013 jak wskazuj\u0105 eksperci \u2013 s\u0105 podobie\u0144stwa mi\u0119dzy propozycjami obu partii w zakresie Arktyki i suwerenno\u015bci p\u00f3\u0142nocnych obszar\u00f3w oraz ich wzajemne przebijanie si\u0119 w tych kwestiach. Cho\u0107 mo\u017ce to \u015bwiadczy\u0107 o pewnym konsensusie w kluczowych sprawach, to w\u015br\u00f3d obserwator\u00f3w polityki obronnej panuje przekonanie, \u017ce partie pr\u00f3buj\u0105 si\u0119 prze\u015bcign\u0105\u0107 w detalach \u2013 ilu baz arktycznych potrzeba, jak szybko nale\u017cy zakupi\u0107 samoloty wczesnego ostrzegania. Polityczne za\u0142o\u017cenia libera\u0142\u00f3w i konserwatyst\u00f3w s\u0105 jednak r\u00f3wnie istotne przez to, czego nie zawieraj\u0105 \u2013 zw\u0142aszcza w momencie, gdy fundamenty bezpiecze\u0144stwa Kanady niew\u0105tpliwie uleg\u0142y przesuni\u0119ciu. Zobowi\u0105zania wobec NATO mog\u0105 wkr\u00f3tce si\u0119 zdezaktualizowa\u0107 Obie partie deklaruj\u0105 ch\u0119\u0107 osi\u0105gni\u0119cia celu NATO w zakresie wydatk\u00f3w na obronno\u015b\u0107 \u2013 dw\u00f3ch procent PKB do roku 2030, poprawy systemu rekrutacji wojskowej, zakupu nowych okr\u0119t\u00f3w podwodnych, budowy lub modernizacji baz w Arktyce, a tak\u017ce \u2013 co do\u015b\u0107 nietypowe \u2013 zakupu ci\u0119\u017ckich lodo\u0142amaczy wojskowych. Nowi Demokraci ograniczyli si\u0119 do kr\u00f3tkiej wzmianki o sprawach obronnych, zapowiadaj\u0105c zerwanie kontraktu na my\u015bliwce F-35 oraz bli\u017cej nieokre\u015blone inwestycje w spo\u0142eczno\u015bci p\u00f3\u0142nocne. Partia Zielonych r\u00f3wnie\u017c zadeklarowa\u0142a wzmocnienie bezpiecze\u0144stwa Arktyki, zapewnienie wojsku \u201ekonkretnych zdolno\u015bci potrzebnych wobec wsp\u00f3\u0142czesnych zagro\u017ce\u0144\u201d oraz stworzenie narodowego korpusu obrony cywilnej. Eksperci skupiaj\u0105 si\u0119 na analizie program\u00f3w libera\u0142\u00f3w i konserwatyst\u00f3w, poniewa\u017c to te partie maj\u0105 najwi\u0119ksze szanse na obj\u0119cie rz\u0105d\u00f3w. \u2013 S\u0105dz\u0119, \u017ce wi\u0119cej jest tu podobie\u0144stw ni\u017c r\u00f3\u017cnic \u2013 powiedzia\u0142 Dave Perry, prezes Canadian Global Affairs Institute. Jak zaznacza, fakt, \u017ce obie partie zgadzaj\u0105 si\u0119 co do realizacji celu NATO, jest znacz\u0105cy \u2013 zobowi\u0105zania te, w tym tak\u017ce Kanada, zadeklarowa\u0142y w 2014 roku po inwazji Rosji na Krym. \u2013 Kanadyjczycy musz\u0105 sobie u\u015bwiadomi\u0107, \u017ce w\u0142a\u015bnie zaczynamy realizowa\u0107 zobowi\u0105zania, kt\u00f3re podj\u0119li\u015bmy jedena\u015bcie lat temu, podczas gdy nasi sojusznicy przygotowuj\u0105 si\u0119 ju\u017c do nowych standard\u00f3w, dotycz\u0105cych tego, ile z gospodarki inwestujemy w obronno\u015b\u0107 \u2013 t\u0142umaczy Perry. Na czerwcowym szczycie NATO spodziewana jest decyzja o podniesieniu progu inwestycji w obronno\u015b\u0107 \u2013 by\u0107 mo\u017ce nawet do 3,5% PKB. Prezydent USA Donald Trump m\u00f3wi\u0142 nawet o oczekiwaniach si\u0119gaj\u0105cych 5% PKB. \u2013 Zacz\u0119li\u015bmy realizowa\u0107 zobowi\u0105zanie z 2014 roku\u2026 akurat wtedy, gdy ma ono zosta\u0107 zrewidowane \u2013 stwierdza Perry. \u2013 Kanada niestety znalaz\u0142a si\u0119 w sytuacji, w kt\u00f3rej same deklaracje i obietnice ju\u017c nie wystarcz\u0105. Nasi sojusznicy \u2013 w USA, Europie i Azji \u2013 s\u0142yszeli je latami, ale nie widzieli dzia\u0142a\u0144. Niekomfortowa prawda Prof. Michael Byers z Uniwersytetu Kolumbii Brytyjskiej zaznacza, \u017ce pytanie o to, co s\u0105dz\u0105 o obietnicach sojusznicy \u2013 zw\u0142aszcza Trump \u2013 ma dzi\u015b drugorz\u0119dne znaczenie, poniewa\u017c \u201e\u017c\u0105dania ameryka\u0144skiego prezydenta wci\u0105\u017c si\u0119 zmieniaj\u0105\u201d. Po wyborach kluczowa mo\u017ce by\u0107 jednak wsp\u00f3\u0142praca z innymi sojusznikami \u2013 m\u00f3wi. Nast\u0119pny premier powinien niezw\u0142ocznie nawi\u0105za\u0107 kontakty z europejskimi cz\u0142onkami NATO, Japoni\u0105, Kore\u0105 Po\u0142udniow\u0105, Australi\u0105 i Now\u0105 Zelandi\u0105, aby \u201eokre\u015bli\u0107, jak mo\u017cemy si\u0119 nawzajem wspiera\u0107\u201d. Przed oddaniem g\u0142osu Kanadyjczycy powinni jednak zada\u0107 sobie pytanie: Co tak naprawd\u0119 jest potrzebne, by Kanada mog\u0142a si\u0119 obroni\u0107 \u2013 szczeg\u00f3lnie w sytuacji braku wiarygodnego sojusznika z po\u0142udnia? Prof. Rob Huebert z Uniwersytetu Calgary, ekspert ds. obronno\u015bci i Arktyki, twierdzi, \u017ce wszystkie partie konsekwentnie unikaj\u0105 tej niewygodnej kwestii. Cho\u0107 retoryka o Kanadzie jako \u201e51. stanie USA\u201d nieco os\u0142ab\u0142a, zagro\u017cenie nadal istnieje \u2013 m\u00f3wi Huebert \u2013 a partie powr\u00f3ci\u0142y do stylu \u201ebusiness as usual\u201d, skupiaj\u0105c si\u0119 na sprz\u0119cie wojskowym, zamiast zmierzy\u0107 si\u0119 z fundamentalnym pytaniem. \u2013 Egzystencjalnym zagro\u017ceniem dla Kanady jest pytanie: jak poradzi\u0107 sobie z nieprzewidywaln\u0105 Ameryk\u0105, w obliczu coraz bardziej uzbrojonej i agresywnej Rosji oraz rosn\u0105cej pot\u0119gi Chin? \u2013 podkre\u015bla Huebert. Dodaje, \u017ce liderzy partyjni po\u015bwi\u0119cili tej kwestii bardzo ma\u0142o czasu podczas debat. \u2013 Wi\u0119c nie chodzi o detale. Czy w Arktyce powstan\u0105 trzy bazy czy jedna? Pytanie brzmi: Jak na powa\u017cnie zabierzemy si\u0119 za obron\u0119 Kanady? Jego zdaniem istnieje pow\u00f3d, dla kt\u00f3rego partie i ich liderzy unikaj\u0105 otwartego zmierzenia si\u0119 z tym problemem. \u2013 Odnosz\u0119 wra\u017cenie, \u017ce \u017cadna z partii nie chce tego tematu podj\u0105\u0107 powa\u017cnie, bo jedno niew\u0142a\u015bciwe s\u0142owo mog\u0142oby zako\u0144czy\u0107 si\u0119 katastrof\u0105 wyborcz\u0105 \u2013 ocenia. Wszyscy eksperci s\u0105 sceptyczni wobec tego, ile z przedwyborczych obietnic zostanie faktycznie zrealizowanych po wyborach. To kwestia woli politycznej \u2013 m\u00f3wi Huebert. \u2013 Je\u015bli uda si\u0119 sk\u0142oni\u0107 premiera do rzeczywistego my\u015blenia o obronno\u015bci i dzia\u0142ania w tej sferze, wtedy rzeczy si\u0119 dziej\u0105 \u2013 m\u00f3wi, nawi\u0105zuj\u0105c do polityki obronnej rz\u0105du Justina Trudeau z 2017 roku. \u2013 Mo\u017cna wr\u00f3ci\u0107 do tamtego dokumentu i zobaczy\u0107, jak by\u0142 kompletny\u2026 a potem prze\u015bledzi\u0107, ile z tego zrealizowano. Kanada ma tendencj\u0119 do m\u00f3wienia o bezpiecze\u0144stwie \u2013 i nicnierobienia.<\/p>\n","protected":false},"excerpt":{"rendered":"<p>Partie skupiaj\u0105 si\u0119 na bazach wojskowych i sprz\u0119cie, a pomijaj\u0105 kwestie fundamentalne. W politykach obronnych zar\u00f3wno libera\u0142\u00f3w, jak i konserwatyst\u00f3w wyczuwalna jest nuta rywalizacji na&hellip;<\/p>\n","protected":false},"author":3,"featured_media":916,"comment_status":"open","ping_status":"open","sticky":false,"template":"","format":"standard","meta":{"footnotes":""},"categories":[12,18],"tags":[],"class_list":["post-915","post","type-post","status-publish","format-standard","has-post-thumbnail","hentry","category-kanada","category-top-news"],"_links":{"self":[{"href":"https:\/\/radiopoloniawinnipeg.com\/index.php\/wp-json\/wp\/v2\/posts\/915","targetHints":{"allow":["GET"]}}],"collection":[{"href":"https:\/\/radiopoloniawinnipeg.com\/index.php\/wp-json\/wp\/v2\/posts"}],"about":[{"href":"https:\/\/radiopoloniawinnipeg.com\/index.php\/wp-json\/wp\/v2\/types\/post"}],"author":[{"embeddable":true,"href":"https:\/\/radiopoloniawinnipeg.com\/index.php\/wp-json\/wp\/v2\/users\/3"}],"replies":[{"embeddable":true,"href":"https:\/\/radiopoloniawinnipeg.com\/index.php\/wp-json\/wp\/v2\/comments?post=915"}],"version-history":[{"count":0,"href":"https:\/\/radiopoloniawinnipeg.com\/index.php\/wp-json\/wp\/v2\/posts\/915\/revisions"}],"wp:featuredmedia":[{"embeddable":true,"href":"https:\/\/radiopoloniawinnipeg.com\/index.php\/wp-json\/wp\/v2\/media\/916"}],"wp:attachment":[{"href":"https:\/\/radiopoloniawinnipeg.com\/index.php\/wp-json\/wp\/v2\/media?parent=915"}],"wp:term":[{"taxonomy":"category","embeddable":true,"href":"https:\/\/radiopoloniawinnipeg.com\/index.php\/wp-json\/wp\/v2\/categories?post=915"},{"taxonomy":"post_tag","embeddable":true,"href":"https:\/\/radiopoloniawinnipeg.com\/index.php\/wp-json\/wp\/v2\/tags?post=915"}],"curies":[{"name":"wp","href":"https:\/\/api.w.org\/{rel}","templated":true}]}}