{"id":917,"date":"2025-04-24T07:15:03","date_gmt":"2025-04-24T11:15:03","guid":{"rendered":"https:\/\/radiopoloniawinnipeg.com\/index.php\/2025\/04\/24\/nawrocki-dogania-trzaskowskiego-emocjonujacy-finisz-kampanii-prezydenckiej\/"},"modified":"2025-04-24T07:15:03","modified_gmt":"2025-04-24T11:15:03","slug":"nawrocki-dogania-trzaskowskiego-emocjonujacy-finisz-kampanii-prezydenckiej","status":"publish","type":"post","link":"https:\/\/radiopoloniawinnipeg.com\/index.php\/2025\/04\/24\/nawrocki-dogania-trzaskowskiego-emocjonujacy-finisz-kampanii-prezydenckiej\/","title":{"rendered":"Nawrocki dogania Trzaskowskiego. Emocjonuj\u0105cy finisz kampanii prezydenckiej"},"content":{"rendered":"<p>Ko\u0144c\u00f3wka kampanii prezydenckiej w Polsce zapowiada si\u0119 wyj\u0105tkowo emocjonuj\u0105co. Z najnowszego sonda\u017cu United Surveys dla Wirtualnej Polski wynika, \u017ce kandydat wspierany przez PiS, Karol Nawrocki, znacz\u0105co zmniejszy\u0142 dystans do lidera wy\u015bcigu \u2013 Rafa\u0142a Trzaskowskiego z Koalicji Obywatelskiej. Trzaskowski traci, Nawrocki zyskuje Z sonda\u017cu przeprowadzonego w dniach 17\u201319 kwietnia wynika, \u017ce Rafa\u0142 Trzaskowski mo\u017ce liczy\u0107 na 31,7 proc. poparcia. To spadek o 1,8 punktu procentowego w por\u00f3wnaniu z badaniem z po\u0142owy kwietnia i a\u017c o 6,6 punktu w stosunku do pocz\u0105tku miesi\u0105ca. Karol Nawrocki, obecny prezes Instytutu Pami\u0119ci Narodowej, odnotowa\u0142 poparcie na poziomie 27,6 proc. Oznacza to wzrost o 2,1 punktu w ci\u0105gu ostatnich tygodni i a\u017c o 7,5 punktu procentowego od pocz\u0105tku kwietnia. Mentzen traci \u201eefekt czarnego konia\u201d Na trzecim miejscu znalaz\u0142 si\u0119 kandydat Konfederacji, S\u0142awomir Mentzen, z wynikiem 11,3 proc. Jeszcze kilka tygodni temu typowany na \u201eczarnego konia\u201d wybor\u00f3w, obecnie notuje wyra\u017any spadek poparcia \u2013 o 7,5 punktu wzgl\u0119dem pocz\u0105tku kwietnia i 2,1 punktu od ostatniego badania. Dalsze miejsca: spadki Ho\u0142owni, wzrost Zandberga Szymon Ho\u0142ownia, marsza\u0142ek Sejmu i lider Polski 2050, uzyska\u0142 poparcie 7,1 proc. respondent\u00f3w (spadek o 2 pkt proc.), Magdalena Biejat z Lewicy \u2013 6,4 proc. (nieznaczny wzrost o 0,1 pkt proc.). Znacz\u0105cy wzrost poparcia odnotowa\u0142 Adrian Zandberg (Razem) \u2013 4,4 proc., czyli o 3 punkty wi\u0119cej ni\u017c w poprzednim badaniu. Pozostali kandydaci nie przekroczyli progu 1,5 proc. i mieszcz\u0105 si\u0119 w granicach b\u0142\u0119du statystycznego. Druga tura: przewaga Trzaskowskiego topnieje Sonda\u017c obj\u0105\u0142 r\u00f3wnie\u017c symulacje drugiej tury. Gdyby dosz\u0142o do starcia Trzaskowskiego z Nawrockim, kandydat KO zdoby\u0142by 50,5 proc. g\u0142os\u00f3w \u2013 o 5,2 pkt proc. mniej ni\u017c w poprzednim badaniu. Nawrocki zyska\u0142by 40,2 proc. poparcia (wzrost o 2,2 pkt proc.). 9,3 proc. respondent\u00f3w nie zadeklarowa\u0142o, na kogo odda\u0142oby g\u0142os. W wariancie Trzaskowski kontra Mentzen, obecny prezydent Warszawy otrzyma\u0142by 52,6 proc. g\u0142os\u00f3w (spadek o 3,9 pkt proc.), a lider Nowej Nadziei \u2013 42,8 proc. (wzrost a\u017c o 9,1 pkt proc.). O badaniu Sonda\u017c United Surveys na zlecenie Wirtualnej Polski przeprowadzono w dniach 17\u201319 kwietnia 2025 roku. Badanie zrealizowano metodami CATI (wywiady telefoniczne) oraz CAWI (wywiady internetowe) na reprezentatywnej pr\u00f3bie 1000 doros\u0142ych Polak\u00f3w. Na podst. WP<\/p>\n","protected":false},"excerpt":{"rendered":"<p>Ko\u0144c\u00f3wka kampanii prezydenckiej w Polsce zapowiada si\u0119 wyj\u0105tkowo emocjonuj\u0105co. Z najnowszego sonda\u017cu United Surveys dla Wirtualnej Polski wynika, \u017ce kandydat wspierany przez PiS, Karol Nawrocki,&hellip;<\/p>\n","protected":false},"author":3,"featured_media":918,"comment_status":"open","ping_status":"open","sticky":false,"template":"","format":"standard","meta":{"footnotes":""},"categories":[14,18],"tags":[],"class_list":["post-917","post","type-post","status-publish","format-standard","has-post-thumbnail","hentry","category-polska","category-top-news"],"_links":{"self":[{"href":"https:\/\/radiopoloniawinnipeg.com\/index.php\/wp-json\/wp\/v2\/posts\/917","targetHints":{"allow":["GET"]}}],"collection":[{"href":"https:\/\/radiopoloniawinnipeg.com\/index.php\/wp-json\/wp\/v2\/posts"}],"about":[{"href":"https:\/\/radiopoloniawinnipeg.com\/index.php\/wp-json\/wp\/v2\/types\/post"}],"author":[{"embeddable":true,"href":"https:\/\/radiopoloniawinnipeg.com\/index.php\/wp-json\/wp\/v2\/users\/3"}],"replies":[{"embeddable":true,"href":"https:\/\/radiopoloniawinnipeg.com\/index.php\/wp-json\/wp\/v2\/comments?post=917"}],"version-history":[{"count":0,"href":"https:\/\/radiopoloniawinnipeg.com\/index.php\/wp-json\/wp\/v2\/posts\/917\/revisions"}],"wp:featuredmedia":[{"embeddable":true,"href":"https:\/\/radiopoloniawinnipeg.com\/index.php\/wp-json\/wp\/v2\/media\/918"}],"wp:attachment":[{"href":"https:\/\/radiopoloniawinnipeg.com\/index.php\/wp-json\/wp\/v2\/media?parent=917"}],"wp:term":[{"taxonomy":"category","embeddable":true,"href":"https:\/\/radiopoloniawinnipeg.com\/index.php\/wp-json\/wp\/v2\/categories?post=917"},{"taxonomy":"post_tag","embeddable":true,"href":"https:\/\/radiopoloniawinnipeg.com\/index.php\/wp-json\/wp\/v2\/tags?post=917"}],"curies":[{"name":"wp","href":"https:\/\/api.w.org\/{rel}","templated":true}]}}