{"id":919,"date":"2025-04-24T08:30:07","date_gmt":"2025-04-24T12:30:07","guid":{"rendered":"https:\/\/radiopoloniawinnipeg.com\/index.php\/2025\/04\/24\/chiny-proponuja-kanadzie-partnerstwo-przeciwko-zastraszaniu-ze-strony-usa\/"},"modified":"2025-04-24T08:30:07","modified_gmt":"2025-04-24T12:30:07","slug":"chiny-proponuja-kanadzie-partnerstwo-przeciwko-zastraszaniu-ze-strony-usa","status":"publish","type":"post","link":"https:\/\/radiopoloniawinnipeg.com\/index.php\/2025\/04\/24\/chiny-proponuja-kanadzie-partnerstwo-przeciwko-zastraszaniu-ze-strony-usa\/","title":{"rendered":"Chiny proponuj\u0105 Kanadzie partnerstwo przeciwko \u201ezastraszaniu\u201d ze strony USA"},"content":{"rendered":"<p>Wang Di &#8211; ambasador Chin w Kanadzie Chi\u0144ski ambasador w Kanadzie Wang Di zaproponowa\u0142 zacie\u015bnienie wsp\u00f3\u0142pracy mi\u0119dzy Pekinem a Ottaw\u0105 w celu przeciwstawienia si\u0119 \u201ezastraszaniu\u201d ze strony Stan\u00f3w Zjednoczonych. W obszernym wywiadzie dla \u201eThe Canadian Press\u201d Wang stwierdzi\u0142, \u017ce oba kraje powinny wsp\u00f3lnie dzia\u0142a\u0107 na rzecz powstrzymania Waszyngtonu przed podwa\u017caniem globalnych zasad. \u2013 Chcemy unikn\u0105\u0107 powrotu do \u015bwiata, w kt\u00f3rym obowi\u0105zuje prawo d\u017cungli \u2013 powiedzia\u0142 Wang za po\u015brednictwem t\u0142umacza. \u2013 Chiny nie stanowi\u0105 zagro\u017cenia, lecz szans\u0119 dla Kanady. Ambasador zasugerowa\u0142, \u017ce Chiny i Kanada s\u0105 jedynymi krajami, kt\u00f3re podj\u0119\u0142y rzeczywiste kroki przeciwko \u201enieuzasadnionym\u201d taryfom na\u0142o\u017conym przez administracj\u0119 Donalda Trumpa. Podkre\u015bli\u0142, \u017ce Pekin dostrzega w Kanadzie partnera, kt\u00f3ry nie ugi\u0105\u0142 si\u0119 pod presj\u0105 USA. Wang zapowiedzia\u0142 gotowo\u015b\u0107 do zniesienia chi\u0144skich ce\u0142 na kanadyjski rzepak i wieprzowin\u0119 \u2013 pod warunkiem, \u017ce Kanada wycofa si\u0119 z w\u0142asnych restrykcji, w tym 100-procentowych ce\u0142 na chi\u0144skie pojazdy elektryczne, kt\u00f3re wprowadzono jesieni\u0105 2024 roku w celu ochrony krajowego przemys\u0142u motoryzacyjnego. \u2013 Powinni\u015bmy kierowa\u0107 si\u0119 zasadami rynku, a nie ideologicznymi uprzedzeniami \u2013 zaznaczy\u0142 Wang. Ambasador przyzna\u0142, \u017ce chi\u0144skie c\u0142a silniej uderzaj\u0105 w zachodni\u0105 Kanad\u0119, jednak \u2013 jak zapewni\u0142 \u2013 nie by\u0142o to dzia\u0142anie celowe. Wskaza\u0142 te\u017c na rekordowy import kanadyjskiej ropy do Chin w ostatnim miesi\u0105cu, co przypisa\u0142 m.in. za\u0142amaniu chi\u0144skiego importu ropy z USA i dzia\u0142aniu ruroci\u0105gu Trans Mountain. Eksperci pozostaj\u0105 jednak sceptyczni wobec propozycji Pekinu. Roland Paris z Uniwersytetu Ottawskiego zauwa\u017cy\u0142, \u017ce Chiny od dawna pr\u00f3buj\u0105 przekszta\u0142ca\u0107 instytucje mi\u0119dzynarodowe na swoj\u0105 korzy\u015b\u0107, cz\u0119sto w spos\u00f3b sprzeczny z kanadyjsk\u0105 polityk\u0105 zagraniczn\u0105. \u2013 To przejrzysta pr\u00f3ba zdobycia sympatii pa\u0144stw, kt\u00f3re czuj\u0105 si\u0119 wykluczone przez USA \u2013 powiedzia\u0142 Paris, wskazuj\u0105c te\u017c na ryzyko zwi\u0105zane z handlem z Chinami, w tym mo\u017cliwo\u015b\u0107 arbitralnych restrykcji. Kanadyjski rz\u0105d od pewnego czasu ogranicza kontakty handlowe z Chinami, zw\u0142aszcza w strategicznych sektorach, a premierzy federalnych partii politycznych \u2013 zar\u00f3wno Libera\u0142owie, jak i Konserwaty\u015bci \u2013 wyra\u017caj\u0105 zaniepokojenie postaw\u0105 Pekinu. Lider libera\u0142\u00f3w Mark Carney nazwa\u0142 Chiny \u201enajwi\u0119kszym zagro\u017ceniem dla bezpiecze\u0144stwa Kanady\u201d, za\u015b lider konserwatyst\u00f3w Pierre Poilievre okre\u015bli\u0142 Pa\u0144stwo \u015arodka jako \u201eautokracj\u0119 zak\u0142\u00f3caj\u0105c\u0105 porz\u0105dek \u015bwiatowy\u201d. W\u0142adze Kanady wielokrotnie oskar\u017ca\u0142y Chiny o ingerencj\u0119 w wewn\u0119trzne sprawy pa\u0144stwa, czemu Pekin stanowczo zaprzecza. Chi\u0144scy urz\u0119dnicy twierdz\u0105, \u017ce s\u0105 gotowi do normalizacji relacji, ale oczekuj\u0105, \u017ce Ottawa \u201ewe\u017amie odpowiedzialno\u015b\u0107\u201d za obecne napi\u0119cia. Ambasador Wang zapewni\u0142, \u017ce widzi w Kanadzie \u201epartnera i przyjaciela\u201d, jednak podkre\u015bli\u0142, \u017ce \u201edo tanga trzeba dwojga\u201d. Zauwa\u017cy\u0142 przy tym rosn\u0105ce zainteresowanie Chi\u0144czyk\u00f3w wyjazdami do Kanady, a tak\u017ce wzrost liczby Kanadyjczyk\u00f3w staraj\u0105cych si\u0119 o wizy do Chin. Jednak wed\u0142ug sonda\u017cu Abacus Data z czerwca 2024 r. Kanadyjczycy oceniaj\u0105 Chiny do\u015b\u0107 nisko \u2013 \u015brednia ocena to 3,1 w skali 10-punktowej, z nieco wy\u017cszym wynikiem (ok. 4) w\u015br\u00f3d os\u00f3b poni\u017cej 30. roku \u017cycia. Na podst. Canadian Press<\/p>\n","protected":false},"excerpt":{"rendered":"<p>Wang Di &#8211; ambasador Chin w Kanadzie Chi\u0144ski ambasador w Kanadzie Wang Di zaproponowa\u0142 zacie\u015bnienie wsp\u00f3\u0142pracy mi\u0119dzy Pekinem a Ottaw\u0105 w celu przeciwstawienia si\u0119 \u201ezastraszaniu\u201d&hellip;<\/p>\n","protected":false},"author":3,"featured_media":920,"comment_status":"open","ping_status":"open","sticky":false,"template":"","format":"standard","meta":{"footnotes":""},"categories":[15,18],"tags":[],"class_list":["post-919","post","type-post","status-publish","format-standard","has-post-thumbnail","hentry","category-swiat","category-top-news"],"_links":{"self":[{"href":"https:\/\/radiopoloniawinnipeg.com\/index.php\/wp-json\/wp\/v2\/posts\/919","targetHints":{"allow":["GET"]}}],"collection":[{"href":"https:\/\/radiopoloniawinnipeg.com\/index.php\/wp-json\/wp\/v2\/posts"}],"about":[{"href":"https:\/\/radiopoloniawinnipeg.com\/index.php\/wp-json\/wp\/v2\/types\/post"}],"author":[{"embeddable":true,"href":"https:\/\/radiopoloniawinnipeg.com\/index.php\/wp-json\/wp\/v2\/users\/3"}],"replies":[{"embeddable":true,"href":"https:\/\/radiopoloniawinnipeg.com\/index.php\/wp-json\/wp\/v2\/comments?post=919"}],"version-history":[{"count":0,"href":"https:\/\/radiopoloniawinnipeg.com\/index.php\/wp-json\/wp\/v2\/posts\/919\/revisions"}],"wp:featuredmedia":[{"embeddable":true,"href":"https:\/\/radiopoloniawinnipeg.com\/index.php\/wp-json\/wp\/v2\/media\/920"}],"wp:attachment":[{"href":"https:\/\/radiopoloniawinnipeg.com\/index.php\/wp-json\/wp\/v2\/media?parent=919"}],"wp:term":[{"taxonomy":"category","embeddable":true,"href":"https:\/\/radiopoloniawinnipeg.com\/index.php\/wp-json\/wp\/v2\/categories?post=919"},{"taxonomy":"post_tag","embeddable":true,"href":"https:\/\/radiopoloniawinnipeg.com\/index.php\/wp-json\/wp\/v2\/tags?post=919"}],"curies":[{"name":"wp","href":"https:\/\/api.w.org\/{rel}","templated":true}]}}