{"id":921,"date":"2025-04-24T08:30:08","date_gmt":"2025-04-24T12:30:08","guid":{"rendered":"https:\/\/radiopoloniawinnipeg.com\/index.php\/2025\/04\/24\/obietnice-tuska-masywna-zmiana-ustrojowa\/"},"modified":"2025-04-24T08:30:08","modified_gmt":"2025-04-24T12:30:08","slug":"obietnice-tuska-masywna-zmiana-ustrojowa","status":"publish","type":"post","link":"https:\/\/radiopoloniawinnipeg.com\/index.php\/2025\/04\/24\/obietnice-tuska-masywna-zmiana-ustrojowa\/","title":{"rendered":"Obietnice Tuska \u2013 \u201eMasywna zmiana ustrojowa&#8221;"},"content":{"rendered":"<p>Premier Donald Tusk og\u0142osi\u0142 pocz\u0105tek najwi\u0119kszej od dw\u00f3ch dekad reformy ustrojowej. W pierwszym etapie tzw. pakietu deregulacyjnego rz\u0105d przedstawi a\u017c 120 ustaw, kt\u00f3re maj\u0105 zmniejszy\u0107 biurokracj\u0119, usun\u0105\u0107 zb\u0119dne przepisy i zlikwidowa\u0107 bariery dla obywateli oraz przedsi\u0119biorc\u00f3w. \u2013 Tak masywnej zmiany de facto ustrojowej \u2013 bo w wielu dziedzinach \u017cycia zmieniamy ustr\u00f3j \u2013 nie by\u0142o od przyst\u0105pienia Polski do Unii Europejskiej \u2013 podkre\u015bli\u0142 premier podczas spotkania ze stron\u0105 spo\u0142eczn\u0105. 120 ustaw, tempo ekspresowe Tusk zapowiedzia\u0142, \u017ce gotowe ju\u017c ustawy b\u0119d\u0105 g\u0142osowane na pierwszym posiedzeniu Sejmu po wyborach prezydenckich, kiedy emocje polityczne b\u0119d\u0105 nieco mniejsze, co mo\u017ce sprzyja\u0107 szerokiemu poparciu. \u2013 Tempo prac nad zmianami jest niebywa\u0142e \u2013 zaznaczy\u0142 szef rz\u0105du. \u2013 Ka\u017cde ministerstwo powinno dopisa\u0107 sobie w nazwie: \u201e(ministerstwo deregulacji)\u201d. Premier zadeklarowa\u0142, \u017ce deregulacja nie zako\u0144czy si\u0119 w czerwcu, a ca\u0142y proces b\u0119dzie kontynuowany systematycznie i z determinacj\u0105. Wsp\u00f3\u0142praca z opozycj\u0105 i stron\u0105 spo\u0142eczn\u0105 Donald Tusk zapewni\u0142, \u017ce projekt deregulacji ma charakter ponadpartyjny, a rz\u0105d stara si\u0119 trzyma\u0107 go z dala od bie\u017c\u0105cych spor\u00f3w politycznych. \u2013 Zgodnie z sugesti\u0105 strony spo\u0142ecznej zwracam si\u0119 do ministra Paszyka, by jeszcze raz przyjrza\u0142 si\u0119 propozycjom opozycji \u2013 powiedzia\u0142. Doda\u0142, \u017ce sensowne poprawki, nawet zg\u0142oszone przez pos\u0142\u00f3w PiS, zostan\u0105 wzi\u0119te pod uwag\u0119, je\u015bli maj\u0105 poparcie strony spo\u0142ecznej. \u2013 Nie zwracajmy uwagi na partyjne piecz\u0105tki \u2013 apelowa\u0142 premier. Cyfryzacja i uproszczenia \u2013 konkretne zmiany Maciej Berek, szef Sta\u0142ego Komitetu Rady Ministr\u00f3w, zaprezentowa\u0142 pakiet 15 zaakceptowanych postulat\u00f3w deregulacyjnych dotycz\u0105cych cyfryzacji. W\u015br\u00f3d nich znalaz\u0142y si\u0119 m.in.: integracja system\u00f3w informatycznych administracji publicznej, zr\u00f3wnanie wa\u017cno\u015bci dokument\u00f3w cyfrowych i papierowych, cyfrowe prowadzenie ksi\u0105g wieczystych, rozszerzenie funkcji aplikacji mObywatel (np. dost\u0119p do danych medycznych), cyfrowe orzeczenia medycyny pracy. Adam Malinowski z inicjatywy \u201eSprawdzaMY\u201d zwr\u00f3ci\u0142 uwag\u0119, \u017ce np. testament w formie nagrania cyfrowego nie jest dzi\u015b uznawany prawnie \u2013 mimo \u017ce technicznie m\u00f3g\u0142by by\u0107 wiarygodny. Efekty pracy zespo\u0142u Brzoski Maciej Berek poinformowa\u0142 r\u00f3wnie\u017c, \u017ce rz\u0105d rozpatrzy\u0142 ju\u017c 173 propozycje z\u0142o\u017cone przez kierowan\u0105 przez Rafa\u0142a Brzosk\u0119 inicjatyw\u0119 \u201eSprawdzaMY\u201d. 108 z nich (62 proc.) zosta\u0142o zaakceptowanych, w tym 11 ju\u017c wdro\u017cono, a 17 jest w toku legislacyjnym. 26 postulat\u00f3w (15 proc.) wymaga dalszych analiz, a 32 (19 proc.) zosta\u0142y odrzucone \u2013 g\u0142\u00f3wnie ze wzgl\u0119d\u00f3w bezpiecze\u0144stwa lub finansowych. Inicjatywa \u201eSprawdzaMY\u201d zosta\u0142a powo\u0142ana w lutym, kiedy premier Tusk zaprosi\u0142 Brzosk\u0119 do pokierowania zespo\u0142em przygotowuj\u0105cym deregulacyjne propozycje. Pierwsze postulaty opublikowano tydzie\u0144 po przyj\u0119ciu przez Brzosk\u0119 tej roli. Czy obietnice Tuska mo\u017cna traktowa\u0107 powa\u017cnie? Krytycy obecnego rz\u0105du i samego Donalda Tuska przypominaj\u0105, \u017ce sk\u0142ada\u0142 on w swojej karierze dziesi\u0105tki niespe\u0142nionych obietnic i plan\u00f3w. Najbardziej g\u0142o\u015bn\u0105 by\u0142a obietnica wej\u015bcia Polski do strefy euro, kt\u00f3re mia\u0142o nast\u0105pi\u0107 w 2011 roku, a obietnica zosta\u0142a z\u0142o\u017cona w 2008. Jest rok 2025 i Polska (na ca\u0142e szcz\u0119\u015bcie) wci\u0105\u017c wierna jest z\u0142ot\u00f3wce. Krytycy przypominaj\u0105 te\u017c sprzeda\u017c stoczni \u201einwestorowi z Kataru\u201d, kt\u00f3ra to obietnica by\u0142a wymy\u015blona na pr\u0119dce przez piarowc\u00f3w Tuska dla przykrycia zamkni\u0119cia stoczni na zlecenie urz\u0119dnik\u00f3w Unii Europejskiej. No i wysuwaj\u0105 jeszcze \u201e100 obietnic na pierwsze p\u00f3\u0142 roku rz\u0105d\u00f3w\u201d \u2013 sk\u0142adane przez premiera podczas kampanii przed wyborami parlamentarnymi. Z nich wszystkich zosta\u0142y zrealizowane cztery. \u201eObietnic Tuska nie nale\u017cy traktowa\u0107 serio\u201d \u2013 twierdz\u0105 krytycy premiera przytaczaj\u0105c wypowied\u017a jego bardzo bliskiego wsp\u00f3\u0142pracownika, by\u0142ego ministra finans\u00f3w Jacka Rostowskiego: \u201eObietnice polityczne wi\u0105\u017c\u0105 tylko tych, kt\u00f3rzy w nie wierz\u0105\u201d Na podst. Polsat News i MoneyPLThis page imported from Bejsment<\/p>\n","protected":false},"excerpt":{"rendered":"<p>Premier Donald Tusk og\u0142osi\u0142 pocz\u0105tek najwi\u0119kszej od dw\u00f3ch dekad reformy ustrojowej. W pierwszym etapie tzw. pakietu deregulacyjnego rz\u0105d przedstawi a\u017c 120 ustaw, kt\u00f3re maj\u0105 zmniejszy\u0107&hellip;<\/p>\n","protected":false},"author":3,"featured_media":922,"comment_status":"open","ping_status":"open","sticky":false,"template":"","format":"standard","meta":{"footnotes":""},"categories":[14,18],"tags":[],"class_list":["post-921","post","type-post","status-publish","format-standard","has-post-thumbnail","hentry","category-polska","category-top-news"],"_links":{"self":[{"href":"https:\/\/radiopoloniawinnipeg.com\/index.php\/wp-json\/wp\/v2\/posts\/921","targetHints":{"allow":["GET"]}}],"collection":[{"href":"https:\/\/radiopoloniawinnipeg.com\/index.php\/wp-json\/wp\/v2\/posts"}],"about":[{"href":"https:\/\/radiopoloniawinnipeg.com\/index.php\/wp-json\/wp\/v2\/types\/post"}],"author":[{"embeddable":true,"href":"https:\/\/radiopoloniawinnipeg.com\/index.php\/wp-json\/wp\/v2\/users\/3"}],"replies":[{"embeddable":true,"href":"https:\/\/radiopoloniawinnipeg.com\/index.php\/wp-json\/wp\/v2\/comments?post=921"}],"version-history":[{"count":0,"href":"https:\/\/radiopoloniawinnipeg.com\/index.php\/wp-json\/wp\/v2\/posts\/921\/revisions"}],"wp:featuredmedia":[{"embeddable":true,"href":"https:\/\/radiopoloniawinnipeg.com\/index.php\/wp-json\/wp\/v2\/media\/922"}],"wp:attachment":[{"href":"https:\/\/radiopoloniawinnipeg.com\/index.php\/wp-json\/wp\/v2\/media?parent=921"}],"wp:term":[{"taxonomy":"category","embeddable":true,"href":"https:\/\/radiopoloniawinnipeg.com\/index.php\/wp-json\/wp\/v2\/categories?post=921"},{"taxonomy":"post_tag","embeddable":true,"href":"https:\/\/radiopoloniawinnipeg.com\/index.php\/wp-json\/wp\/v2\/tags?post=921"}],"curies":[{"name":"wp","href":"https:\/\/api.w.org\/{rel}","templated":true}]}}