{"id":925,"date":"2025-04-24T12:30:06","date_gmt":"2025-04-24T16:30:06","guid":{"rendered":"https:\/\/radiopoloniawinnipeg.com\/index.php\/2025\/04\/24\/marzyl-o-niemczech-trafil-do-rosji\/"},"modified":"2025-04-24T12:30:06","modified_gmt":"2025-04-24T16:30:06","slug":"marzyl-o-niemczech-trafil-do-rosji","status":"publish","type":"post","link":"https:\/\/radiopoloniawinnipeg.com\/index.php\/2025\/04\/24\/marzyl-o-niemczech-trafil-do-rosji\/","title":{"rendered":"Marzy\u0142 o Niemczech, trafi\u0142 do Rosji"},"content":{"rendered":"<p>Najemnik z Senegalu schwytany przez Ukrai\u0144c\u00f3w Ukrai\u0144scy \u017co\u0142nierze pojmali w rejonie Tore\u0107ka obywatela Senegalu walcz\u0105cego jako najemnik w rosyjskiej armii. M\u0119\u017cczyzna twierdzi, \u017ce zosta\u0142 zmuszony do udzia\u0142u w wojnie i \u017ce jego marzeniem by\u0142o dotarcie do Niemiec. O zatrzymaniu Senegalczyka poinformowa\u0142a 49. samodzielna brygada szturmowa \u201eSicz Karpacka\u201d, kt\u00f3ra przekaza\u0142a, \u017ce jeniec przez kilka ostatnich lat mieszka\u0142 w Rosji. Jak wynika z relacji \u017co\u0142nierzy, m\u0119\u017cczyzna sp\u0119dzi\u0142 dwa lata na studiach w Federacji Rosyjskiej, a nast\u0119pnie planowa\u0142 wyemigrowa\u0107 na Zach\u00f3d. \u2013 Chcia\u0142 dotrze\u0107 do Niemiec, ale kazano mu najpierw i\u015b\u0107 na front, zarobi\u0107 pieni\u0105dze, a potem ruszy\u0107 dalej \u2013 relacjonowa\u0142 jeden z ukrai\u0144skich wojskowych. \u2013 My\u015bla\u0142, \u017ce go zastrzelimy. Ale po co? I tak \u017cal na niego patrze\u0107 \u2013 doda\u0142 inny \u017co\u0142nierz. Podczas przeszukania u zatrzymanego znaleziono m.in. rosyjsk\u0105 kart\u0119 bankomatow\u0105. M\u0119\u017cczyzna mia\u0142 lekkie obra\u017cenia nogi, kt\u00f3rym udzielono pomocy medycznej. \u2013 Rozumiem, \u017ce Rosja was zabija. Teraz nie chc\u0119 ju\u017c jecha\u0107 do Europy. Chc\u0119 tylko wr\u00f3ci\u0107 do domu. Rosja jest bardzo z\u0142a \u2013 powiedzia\u0142 jeniec w materiale opublikowanym przez ukrai\u0144skich wojskowych. Chi\u0144scy najemnicy? Kij\u00f3w reaguje, Pekin zaprzecza Kilka godzin przed publikacj\u0105 informacji o schwytanym Senegalczyku ukrai\u0144skie MSZ zorganizowa\u0142o spotkanie z ambasadorem Chi\u0144skiej Republiki Ludowej Ma Shenkunem. Tematem rozm\u00f3w by\u0142a obecno\u015b\u0107 chi\u0144skich obywateli walcz\u0105cych w szeregach rosyjskiej armii. \u2013 Przekazano stronie chi\u0144skiej dowody zgromadzone przez ukrai\u0144skie s\u0142u\u017cby specjalne \u2013 poinformowa\u0142 resort spraw zagranicznych Ukrainy. Do sprawy odni\u00f3s\u0142 si\u0119 rzecznik chi\u0144skiego MSZ Guo Jiakun. \u2013 Podczas spotkania wyja\u015bniono stanowisko Chin w istotnych kwestiach. Chiny stanowczo sprzeciwiaj\u0105 si\u0119 bezpodstawnym oskar\u017ceniom i politycznej manipulacji \u2013 o\u015bwiadczy\u0142. Na podst. Polsat News<\/p>\n","protected":false},"excerpt":{"rendered":"<p>Najemnik z Senegalu schwytany przez Ukrai\u0144c\u00f3w Ukrai\u0144scy \u017co\u0142nierze pojmali w rejonie Tore\u0107ka obywatela Senegalu walcz\u0105cego jako najemnik w rosyjskiej armii. M\u0119\u017cczyzna twierdzi, \u017ce zosta\u0142 zmuszony&hellip;<\/p>\n","protected":false},"author":3,"featured_media":926,"comment_status":"open","ping_status":"open","sticky":false,"template":"","format":"standard","meta":{"footnotes":""},"categories":[15,18],"tags":[],"class_list":["post-925","post","type-post","status-publish","format-standard","has-post-thumbnail","hentry","category-swiat","category-top-news"],"_links":{"self":[{"href":"https:\/\/radiopoloniawinnipeg.com\/index.php\/wp-json\/wp\/v2\/posts\/925","targetHints":{"allow":["GET"]}}],"collection":[{"href":"https:\/\/radiopoloniawinnipeg.com\/index.php\/wp-json\/wp\/v2\/posts"}],"about":[{"href":"https:\/\/radiopoloniawinnipeg.com\/index.php\/wp-json\/wp\/v2\/types\/post"}],"author":[{"embeddable":true,"href":"https:\/\/radiopoloniawinnipeg.com\/index.php\/wp-json\/wp\/v2\/users\/3"}],"replies":[{"embeddable":true,"href":"https:\/\/radiopoloniawinnipeg.com\/index.php\/wp-json\/wp\/v2\/comments?post=925"}],"version-history":[{"count":0,"href":"https:\/\/radiopoloniawinnipeg.com\/index.php\/wp-json\/wp\/v2\/posts\/925\/revisions"}],"wp:featuredmedia":[{"embeddable":true,"href":"https:\/\/radiopoloniawinnipeg.com\/index.php\/wp-json\/wp\/v2\/media\/926"}],"wp:attachment":[{"href":"https:\/\/radiopoloniawinnipeg.com\/index.php\/wp-json\/wp\/v2\/media?parent=925"}],"wp:term":[{"taxonomy":"category","embeddable":true,"href":"https:\/\/radiopoloniawinnipeg.com\/index.php\/wp-json\/wp\/v2\/categories?post=925"},{"taxonomy":"post_tag","embeddable":true,"href":"https:\/\/radiopoloniawinnipeg.com\/index.php\/wp-json\/wp\/v2\/tags?post=925"}],"curies":[{"name":"wp","href":"https:\/\/api.w.org\/{rel}","templated":true}]}}