{"id":927,"date":"2025-04-24T21:15:02","date_gmt":"2025-04-25T01:15:02","guid":{"rendered":"https:\/\/radiopoloniawinnipeg.com\/index.php\/2025\/04\/24\/trump-ja-naprawde-nie-chce-samochodow-z-kanady\/"},"modified":"2025-04-24T21:15:02","modified_gmt":"2025-04-25T01:15:02","slug":"trump-ja-naprawde-nie-chce-samochodow-z-kanady","status":"publish","type":"post","link":"https:\/\/radiopoloniawinnipeg.com\/index.php\/2025\/04\/24\/trump-ja-naprawde-nie-chce-samochodow-z-kanady\/","title":{"rendered":"Trump: Ja naprawd\u0119 nie chc\u0119 samochod\u00f3w z Kanady"},"content":{"rendered":"<p>Prezydent USA Donald Trump powiedzia\u0142 w \u015brod\u0119, \u017ce jego 25-procentowe c\u0142a na samochody \u201emog\u0105 wzrosn\u0105\u0107\u201d w przypadku samochod\u00f3w wyprodukowanych w Kanadzie, poniewa\u017c chce przenie\u015b\u0107 produkcj\u0119 samochod\u00f3w z powrotem do Stan\u00f3w Zjednoczonych. \u201eZabrali du\u017cy procent produkcji samochod\u00f3w, a ja chc\u0119 sprowadzi\u0107 go z powrotem do tego kraju\u201d \u2014 powiedzia\u0142 reporterom w Gabinecie Owalnym. \u201eNaprawd\u0119 nie chc\u0119 samochod\u00f3w z Kanady. Wi\u0119c kiedy nak\u0142adam c\u0142a na Kanad\u0119 \u2014 p\u0142ac\u0105 25 procent, ale to mo\u017ce wzrosn\u0105\u0107 w odniesieniu do samochod\u00f3w \u2014 kiedy nak\u0142adamy c\u0142a, wszystko, co robimy, to m\u00f3wimy: \u201eNie chcemy waszych samochod\u00f3w, z ca\u0142ym szacunkiem, chcemy naprawd\u0119 produkowa\u0107 nasze w\u0142asne samochody\u201d, co robimy w rekordowych ilo\u015bciach\u201d. Trump powiedzia\u0142 p\u00f3\u017aniej, \u017ce nie rozwa\u017ca teraz podniesienia swoich ce\u0142 na samochody, ale doda\u0142, \u017ce \u201ew pewnym momencie mog\u0105 wzrosn\u0105\u0107\u201d. https:\/\/youtu.be\/ihqoQkKaxMU?si=8y7mmOS6zViaQShR<\/p>\n","protected":false},"excerpt":{"rendered":"<p>Prezydent USA Donald Trump powiedzia\u0142 w \u015brod\u0119, \u017ce jego 25-procentowe c\u0142a na samochody \u201emog\u0105 wzrosn\u0105\u0107\u201d w przypadku samochod\u00f3w wyprodukowanych w Kanadzie, poniewa\u017c chce przenie\u015b\u0107 produkcj\u0119&hellip;<\/p>\n","protected":false},"author":3,"featured_media":928,"comment_status":"open","ping_status":"open","sticky":false,"template":"","format":"standard","meta":{"footnotes":""},"categories":[12,18],"tags":[],"class_list":["post-927","post","type-post","status-publish","format-standard","has-post-thumbnail","hentry","category-kanada","category-top-news"],"_links":{"self":[{"href":"https:\/\/radiopoloniawinnipeg.com\/index.php\/wp-json\/wp\/v2\/posts\/927","targetHints":{"allow":["GET"]}}],"collection":[{"href":"https:\/\/radiopoloniawinnipeg.com\/index.php\/wp-json\/wp\/v2\/posts"}],"about":[{"href":"https:\/\/radiopoloniawinnipeg.com\/index.php\/wp-json\/wp\/v2\/types\/post"}],"author":[{"embeddable":true,"href":"https:\/\/radiopoloniawinnipeg.com\/index.php\/wp-json\/wp\/v2\/users\/3"}],"replies":[{"embeddable":true,"href":"https:\/\/radiopoloniawinnipeg.com\/index.php\/wp-json\/wp\/v2\/comments?post=927"}],"version-history":[{"count":0,"href":"https:\/\/radiopoloniawinnipeg.com\/index.php\/wp-json\/wp\/v2\/posts\/927\/revisions"}],"wp:featuredmedia":[{"embeddable":true,"href":"https:\/\/radiopoloniawinnipeg.com\/index.php\/wp-json\/wp\/v2\/media\/928"}],"wp:attachment":[{"href":"https:\/\/radiopoloniawinnipeg.com\/index.php\/wp-json\/wp\/v2\/media?parent=927"}],"wp:term":[{"taxonomy":"category","embeddable":true,"href":"https:\/\/radiopoloniawinnipeg.com\/index.php\/wp-json\/wp\/v2\/categories?post=927"},{"taxonomy":"post_tag","embeddable":true,"href":"https:\/\/radiopoloniawinnipeg.com\/index.php\/wp-json\/wp\/v2\/tags?post=927"}],"curies":[{"name":"wp","href":"https:\/\/api.w.org\/{rel}","templated":true}]}}