{"id":929,"date":"2025-04-25T07:15:03","date_gmt":"2025-04-25T11:15:03","guid":{"rendered":"https:\/\/radiopoloniawinnipeg.com\/index.php\/2025\/04\/25\/turysci-lamia-przepisy-na-granicy-wszystko-przez-selfie\/"},"modified":"2025-04-25T07:15:03","modified_gmt":"2025-04-25T11:15:03","slug":"turysci-lamia-przepisy-na-granicy-wszystko-przez-selfie","status":"publish","type":"post","link":"https:\/\/radiopoloniawinnipeg.com\/index.php\/2025\/04\/25\/turysci-lamia-przepisy-na-granicy-wszystko-przez-selfie\/","title":{"rendered":"Tury\u015bci \u0142ami\u0105 przepisy na granicy. Wszystko przez\u2026 selfie"},"content":{"rendered":"<p>Ciekawo\u015b\u0107 i ch\u0119\u0107 zrobienia pami\u0105tkowego zdj\u0119cia s\u0105 najcz\u0119stszymi powodami, dla kt\u00f3rych tury\u015bci naruszaj\u0105 pas drogi granicznej \u2013 informuje por. Piotr Zakielarz, rzecznik prasowy Bieszczadzkiego Oddzia\u0142u Stra\u017cy Granicznej. Przypomina, \u017ce takie zachowanie mo\u017ce zako\u0144czy\u0107 si\u0119 mandatem w wysoko\u015bci nawet 500 z\u0142otych. W ostatnich dniach funkcjonariusze Stra\u017cy Granicznej odnotowali kilka przypadk\u00f3w wej\u015bcia na teren pasa granicznego. \u2013 W minion\u0105 niedziel\u0119 41-letni Polak wszed\u0142 na pas, aby zrobi\u0107 sobie pami\u0105tkowe zdj\u0119cie. Podobna sytuacja mia\u0142a miejsce dzie\u0144 wcze\u015bniej \u2013 ma\u0142\u017ce\u0144stwo z Ma\u0142opolski zrobi\u0142o selfie przy znaku granicznym \u2013 relacjonuje Zakielarz. Nie by\u0142 to jednak odosobniony przypadek. Funkcjonariusze ze stacji SG w Wojtkowej zatrzymali dwie osoby, kt\u00f3re spacerowa\u0142y wzd\u0142u\u017c granicy, a w Hory\u0144cu-Zdroju odnotowano a\u017c pi\u0119\u0107 podobnych incydent\u00f3w. Wi\u0119kszo\u015b\u0107 turyst\u00f3w t\u0142umaczy\u0142a swoje zachowanie ch\u0119ci\u0105 zobaczenia granicy z bliska. \u2013 Osoby, kt\u00f3re naruszy\u0142y przepisy, zosta\u0142y pouczone lub ukarane mandatami. W ich uj\u0119ciu pom\u00f3g\u0142 nowoczesny sprz\u0119t wykorzystywany do monitorowania pasa granicznego \u2013 dodaje rzecznik. Jak przypomina Stra\u017c Graniczna, na drogach dojazdowych oraz w rejonie samej granicy znajduj\u0105 si\u0119 wyra\u017ane tablice ostrzegawcze z napisami: \u201ePas drogi granicznej \u2013 wej\u015bcie zabronione\u201d oraz \u201eGranica pa\u0144stwa \u2013 przekraczanie zabronione\u201d. Pas drogi granicznej ma 15 metr\u00f3w szeroko\u015bci i znajduje si\u0119 po stronie polskiej, wzd\u0142u\u017c linii granicznej. Zakaz nie obowi\u0105zuje jedynie tam, gdzie przez pas graniczny przebiegaj\u0105 oznakowane szlaki turystyczne. W innych miejscach wej\u015bcie na ten teren stanowi wykroczenie, za kt\u00f3re grozi grzywna do 500 z\u0142. Por. Zakielarz podkre\u015bla r\u00f3wnie\u017c, \u017ce podej\u015bcie do znaku granicznego po stronie ukrai\u0144skiej mo\u017ce by\u0107 ju\u017c traktowane jako nielegalne przekroczenie granicy \u2013 a to mo\u017ce skutkowa\u0107 nie tylko mandatem, ale tak\u017ce post\u0119powaniem karnym. Na podst. Polsat News<\/p>\n","protected":false},"excerpt":{"rendered":"<p>Ciekawo\u015b\u0107 i ch\u0119\u0107 zrobienia pami\u0105tkowego zdj\u0119cia s\u0105 najcz\u0119stszymi powodami, dla kt\u00f3rych tury\u015bci naruszaj\u0105 pas drogi granicznej \u2013 informuje por. Piotr Zakielarz, rzecznik prasowy Bieszczadzkiego Oddzia\u0142u&hellip;<\/p>\n","protected":false},"author":3,"featured_media":930,"comment_status":"open","ping_status":"open","sticky":false,"template":"","format":"standard","meta":{"footnotes":""},"categories":[14,18],"tags":[],"class_list":["post-929","post","type-post","status-publish","format-standard","has-post-thumbnail","hentry","category-polska","category-top-news"],"_links":{"self":[{"href":"https:\/\/radiopoloniawinnipeg.com\/index.php\/wp-json\/wp\/v2\/posts\/929","targetHints":{"allow":["GET"]}}],"collection":[{"href":"https:\/\/radiopoloniawinnipeg.com\/index.php\/wp-json\/wp\/v2\/posts"}],"about":[{"href":"https:\/\/radiopoloniawinnipeg.com\/index.php\/wp-json\/wp\/v2\/types\/post"}],"author":[{"embeddable":true,"href":"https:\/\/radiopoloniawinnipeg.com\/index.php\/wp-json\/wp\/v2\/users\/3"}],"replies":[{"embeddable":true,"href":"https:\/\/radiopoloniawinnipeg.com\/index.php\/wp-json\/wp\/v2\/comments?post=929"}],"version-history":[{"count":0,"href":"https:\/\/radiopoloniawinnipeg.com\/index.php\/wp-json\/wp\/v2\/posts\/929\/revisions"}],"wp:featuredmedia":[{"embeddable":true,"href":"https:\/\/radiopoloniawinnipeg.com\/index.php\/wp-json\/wp\/v2\/media\/930"}],"wp:attachment":[{"href":"https:\/\/radiopoloniawinnipeg.com\/index.php\/wp-json\/wp\/v2\/media?parent=929"}],"wp:term":[{"taxonomy":"category","embeddable":true,"href":"https:\/\/radiopoloniawinnipeg.com\/index.php\/wp-json\/wp\/v2\/categories?post=929"},{"taxonomy":"post_tag","embeddable":true,"href":"https:\/\/radiopoloniawinnipeg.com\/index.php\/wp-json\/wp\/v2\/tags?post=929"}],"curies":[{"name":"wp","href":"https:\/\/api.w.org\/{rel}","templated":true}]}}