{"id":933,"date":"2025-04-25T10:15:04","date_gmt":"2025-04-25T14:15:04","guid":{"rendered":"https:\/\/radiopoloniawinnipeg.com\/index.php\/2025\/04\/25\/nawrocki-obiecuje-walke-o-programy-pis\/"},"modified":"2025-04-25T10:15:04","modified_gmt":"2025-04-25T14:15:04","slug":"nawrocki-obiecuje-walke-o-programy-pis","status":"publish","type":"post","link":"https:\/\/radiopoloniawinnipeg.com\/index.php\/2025\/04\/25\/nawrocki-obiecuje-walke-o-programy-pis\/","title":{"rendered":"Nawrocki obiecuje walk\u0119 o programy PiS"},"content":{"rendered":"<p>Karol Nawrocki, kandydat Prawa i Sprawiedliwo\u015bci w nadchodz\u0105cych wyborach prezydenckich, zapowiada zdecydowan\u0105 obron\u0119 program\u00f3w socjalnych wprowadzonych przez rz\u0105dy Zjednoczonej Prawicy. Podczas wyst\u0105pienia na zje\u017adzie NSZZ \u201eSolidarno\u015b\u0107\u201d w Ko\u0142obrzegu oskar\u017cy\u0142 obecny rz\u0105d Donalda Tuska o zaniechania spo\u0142eczne i gospodarcze. \u2013 Chcemy Polski ambitnej i rozwijaj\u0105cej si\u0119, ale te\u017c takiej, kt\u00f3ra dzieli si\u0119 dobrami w spos\u00f3b sprawiedliwy. Dzi\u015b Polska Donalda Tuska tak nie wygl\u0105da \u2013 m\u00f3wi\u0142 Nawrocki. \u2013 To kraj znieczulicy spo\u0142ecznej, w kt\u00f3rym masowo zwalnia si\u0119 pracownik\u00f3w, niszczy si\u0119 Poczt\u0119 Polsk\u0105, a zak\u0142ady przemys\u0142u drzewnego upadaj\u0105 \u2013 doda\u0142. Kandydat PiS zadeklarowa\u0142, \u017ce jako prezydent nie dopu\u015bci do podwy\u017cszenia wieku emerytalnego. \u2013 B\u0119d\u0119 si\u0119 bi\u0142 o 13. i 14. emerytur\u0119 oraz wszystkie zdobycze socjalne wypracowane przez ostatnie osiem lat \u2013 za wasz\u0105 spraw\u0105, za wasz\u0105 inspiracj\u0105 \u2013 powiedzia\u0142 do zwi\u0105zkowc\u00f3w. W swoim przem\u00f3wieniu odni\u00f3s\u0142 si\u0119 r\u00f3wnie\u017c do kwestii gospodarczych. Skrytykowa\u0142 polityk\u0119 prywatyzacyjn\u0105 z lat 90., m\u00f3wi\u0105c o \u201edepolonizacji gospodarki\u201d, kt\u00f3rej efekty, jego zdaniem, odczuwalne s\u0105 do dzi\u015b. \u2013 Dzi\u015b m\u00f3wi si\u0119 o repolonizacji, ale przecie\u017c repolonizowa\u0107 trzeba co\u015b, co wcze\u015bniej zosta\u0142o odebrane \u2013 podkre\u015bli\u0142. Wyniki sonda\u017cu: Trzaskowski przed Nawrockim, ale PiS-owski kandydat zyskuje Jak wynika z najnowszego sonda\u017cu pracowni Opinia24 dla &#8220;Fakt\u00f3w&#8221; TVN i TVN24, w pierwszej turze wybor\u00f3w prezydenckich najwi\u0119cej g\u0142os\u00f3w uzyska\u0142by Rafa\u0142 Trzaskowski (Koalicja Obywatelska) \u2013 32 proc. poparcia. To spadek o 1 punkt procentowy wzgl\u0119dem badania z 9 kwietnia. Drugie miejsce zajmuje Karol Nawrocki z wynikiem 26 proc., co oznacza wzrost a\u017c o 4 punkty procentowe \u2013 najwi\u0119kszy spo\u015br\u00f3d wszystkich kandydat\u00f3w. Trzecie miejsce zajmuje S\u0142awomir Mentzen (Konfederacja) \u2013 15 proc. poparcia, bez zmian wzgl\u0119dem poprzedniego badania. W dalszej kolejno\u015bci znale\u017ali si\u0119: Szymon Ho\u0142ownia (Polska 2050 \u2013 Trzecia Droga) \u2013 6 proc. (+1 pkt proc.), Adrian Zandberg (Razem) \u2013 5 proc. (bez zmian), Grzegorz Braun (Konfederacja Korony Polskiej) \u2013 4 proc. (bez zmian), Magdalena Biejat (Nowa Lewica) \u2013 4 proc. (+2 pkt proc.), Krzysztof Stanowski (Kana\u0142 Zero) \u2013 2 proc. (+1 pkt proc.), Joanna Senyszyn (niezale\u017cna) \u2013 1 proc., Marek Jakubiak (Wolni Republikanie) \u2013 1 proc. Sonda\u017c wskazuje na mo\u017cliw\u0105 polaryzacj\u0119 sceny politycznej mi\u0119dzy kandydatami najwi\u0119kszych ugrupowa\u0144. Wzrost poparcia dla Nawrockiego mo\u017ce oznacza\u0107 konsolidacj\u0119 elektoratu prawicy wok\u00f3\u0142 kandydata PiS. Na podst. Money.pl<\/p>\n","protected":false},"excerpt":{"rendered":"<p>Karol Nawrocki, kandydat Prawa i Sprawiedliwo\u015bci w nadchodz\u0105cych wyborach prezydenckich, zapowiada zdecydowan\u0105 obron\u0119 program\u00f3w socjalnych wprowadzonych przez rz\u0105dy Zjednoczonej Prawicy. Podczas wyst\u0105pienia na zje\u017adzie NSZZ&hellip;<\/p>\n","protected":false},"author":3,"featured_media":934,"comment_status":"open","ping_status":"open","sticky":false,"template":"","format":"standard","meta":{"footnotes":""},"categories":[14,18],"tags":[],"class_list":["post-933","post","type-post","status-publish","format-standard","has-post-thumbnail","hentry","category-polska","category-top-news"],"_links":{"self":[{"href":"https:\/\/radiopoloniawinnipeg.com\/index.php\/wp-json\/wp\/v2\/posts\/933","targetHints":{"allow":["GET"]}}],"collection":[{"href":"https:\/\/radiopoloniawinnipeg.com\/index.php\/wp-json\/wp\/v2\/posts"}],"about":[{"href":"https:\/\/radiopoloniawinnipeg.com\/index.php\/wp-json\/wp\/v2\/types\/post"}],"author":[{"embeddable":true,"href":"https:\/\/radiopoloniawinnipeg.com\/index.php\/wp-json\/wp\/v2\/users\/3"}],"replies":[{"embeddable":true,"href":"https:\/\/radiopoloniawinnipeg.com\/index.php\/wp-json\/wp\/v2\/comments?post=933"}],"version-history":[{"count":0,"href":"https:\/\/radiopoloniawinnipeg.com\/index.php\/wp-json\/wp\/v2\/posts\/933\/revisions"}],"wp:featuredmedia":[{"embeddable":true,"href":"https:\/\/radiopoloniawinnipeg.com\/index.php\/wp-json\/wp\/v2\/media\/934"}],"wp:attachment":[{"href":"https:\/\/radiopoloniawinnipeg.com\/index.php\/wp-json\/wp\/v2\/media?parent=933"}],"wp:term":[{"taxonomy":"category","embeddable":true,"href":"https:\/\/radiopoloniawinnipeg.com\/index.php\/wp-json\/wp\/v2\/categories?post=933"},{"taxonomy":"post_tag","embeddable":true,"href":"https:\/\/radiopoloniawinnipeg.com\/index.php\/wp-json\/wp\/v2\/tags?post=933"}],"curies":[{"name":"wp","href":"https:\/\/api.w.org\/{rel}","templated":true}]}}