{"id":935,"date":"2025-04-25T12:15:04","date_gmt":"2025-04-25T16:15:04","guid":{"rendered":"https:\/\/radiopoloniawinnipeg.com\/index.php\/2025\/04\/25\/pozegnanie-franciszka-ponad-128-tysiecy-wiernych-oddalo-mu-hold\/"},"modified":"2025-04-25T12:15:04","modified_gmt":"2025-04-25T16:15:04","slug":"pozegnanie-franciszka-ponad-128-tysiecy-wiernych-oddalo-mu-hold","status":"publish","type":"post","link":"https:\/\/radiopoloniawinnipeg.com\/index.php\/2025\/04\/25\/pozegnanie-franciszka-ponad-128-tysiecy-wiernych-oddalo-mu-hold\/","title":{"rendered":"Po\u017cegnanie Franciszka. Ponad 128 tysi\u0119cy wiernych odda\u0142o mu ho\u0142d"},"content":{"rendered":"<p>Bazylika \u015bw. Piotra w Watykanie pozostaje otwarta niemal bez przerwy, by umo\u017cliwi\u0107 wiernym po\u017cegnanie papie\u017ca Franciszka, kt\u00f3ry zmar\u0142 w Poniedzia\u0142ek Wielkanocny. Do czwartkowego wieczoru ho\u0142d zmar\u0142emu odda\u0142o ju\u017c ponad 128 tysi\u0119cy os\u00f3b. Ze wzgl\u0119du na ogromne zainteresowanie, w czwartek Bazylika by\u0142a dost\u0119pna dla \u017ca\u0142obnik\u00f3w d\u0142u\u017cej ni\u017c planowano \u2013 do godziny 1:30 w nocy. Otwarto j\u0105 r\u00f3wnie\u017c wcze\u015bniej ni\u017c zwykle, ju\u017c o 5:40 rano, zamiast o 7:00. Noc wcze\u015bniej, ze \u015brody na czwartek, r\u00f3wnie\u017c umo\u017cliwiono wiernym czuwanie przez ca\u0142\u0105 noc. Cia\u0142o papie\u017ca Franciszka spoczywa przed g\u0142\u00f3wnym o\u0142tarzem Bazyliki, otoczone przez Gwardi\u0119 Szwajcarsk\u0105 oraz p\u0142on\u0105cy pascha\u0142 \u2013 symbol \u015bwiat\u0142a zmartwychwstania. Zmar\u0142y pontyfikat po\u017cegnany zostaje zgodnie z tradycj\u0105 Ko\u015bcio\u0142a katolickiego, cho\u0107 z pewnymi zmianami, kt\u00f3re sam Franciszek wcze\u015bniej zarz\u0105dzi\u0142. W odr\u00f3\u017cnieniu od poprzednik\u00f3w, cia\u0142o papie\u017ca nie jest wystawione na katafalku, lecz umieszczone w trumnie, w kt\u00f3rej zostanie pochowany. Ubrany jest w prosty czerwony ornat z paliuszem, be\u017cow\u0105 mitr\u0119 biskupi\u0105, czarne buty oraz r\u00f3\u017caniec w d\u0142oni \u2013 wszystko to zgodnie z jego \u017cyczeniem, symbolizuj\u0105cym pokor\u0119, jedno\u015b\u0107 z Ko\u015bcio\u0142em i skupienie na duchowo\u015bci. Ceremonia pogrzebowa w sobot\u0119 W pi\u0105tek wieczorem trumna zostanie zamkni\u0119ta, a w sobot\u0119 rano na placu \u015bw. Piotra odprawiona zostanie uroczysta msza \u015bwi\u0119ta \u017ca\u0142obna (requiem). Nast\u0119pnie szcz\u0105tki papie\u017ca zostan\u0105 przewiezione do Bazyliki Santa Maria Maggiore, gdzie odb\u0119dzie si\u0119 prywatny poch\u00f3wek z udzia\u0142em tylko kilkudziesi\u0119ciu os\u00f3b. Na podst. KAI<\/p>\n","protected":false},"excerpt":{"rendered":"<p>Bazylika \u015bw. Piotra w Watykanie pozostaje otwarta niemal bez przerwy, by umo\u017cliwi\u0107 wiernym po\u017cegnanie papie\u017ca Franciszka, kt\u00f3ry zmar\u0142 w Poniedzia\u0142ek Wielkanocny. Do czwartkowego wieczoru ho\u0142d&hellip;<\/p>\n","protected":false},"author":3,"featured_media":936,"comment_status":"open","ping_status":"open","sticky":false,"template":"","format":"standard","meta":{"footnotes":""},"categories":[15,18],"tags":[],"class_list":["post-935","post","type-post","status-publish","format-standard","has-post-thumbnail","hentry","category-swiat","category-top-news"],"_links":{"self":[{"href":"https:\/\/radiopoloniawinnipeg.com\/index.php\/wp-json\/wp\/v2\/posts\/935","targetHints":{"allow":["GET"]}}],"collection":[{"href":"https:\/\/radiopoloniawinnipeg.com\/index.php\/wp-json\/wp\/v2\/posts"}],"about":[{"href":"https:\/\/radiopoloniawinnipeg.com\/index.php\/wp-json\/wp\/v2\/types\/post"}],"author":[{"embeddable":true,"href":"https:\/\/radiopoloniawinnipeg.com\/index.php\/wp-json\/wp\/v2\/users\/3"}],"replies":[{"embeddable":true,"href":"https:\/\/radiopoloniawinnipeg.com\/index.php\/wp-json\/wp\/v2\/comments?post=935"}],"version-history":[{"count":0,"href":"https:\/\/radiopoloniawinnipeg.com\/index.php\/wp-json\/wp\/v2\/posts\/935\/revisions"}],"wp:featuredmedia":[{"embeddable":true,"href":"https:\/\/radiopoloniawinnipeg.com\/index.php\/wp-json\/wp\/v2\/media\/936"}],"wp:attachment":[{"href":"https:\/\/radiopoloniawinnipeg.com\/index.php\/wp-json\/wp\/v2\/media?parent=935"}],"wp:term":[{"taxonomy":"category","embeddable":true,"href":"https:\/\/radiopoloniawinnipeg.com\/index.php\/wp-json\/wp\/v2\/categories?post=935"},{"taxonomy":"post_tag","embeddable":true,"href":"https:\/\/radiopoloniawinnipeg.com\/index.php\/wp-json\/wp\/v2\/tags?post=935"}],"curies":[{"name":"wp","href":"https:\/\/api.w.org\/{rel}","templated":true}]}}