{"id":941,"date":"2025-04-26T07:30:06","date_gmt":"2025-04-26T11:30:06","guid":{"rendered":"https:\/\/radiopoloniawinnipeg.com\/index.php\/2025\/04\/26\/pozegnanie-franciszka-zaloba-narodowa-w-polsce\/"},"modified":"2025-04-26T07:30:06","modified_gmt":"2025-04-26T11:30:06","slug":"pozegnanie-franciszka-zaloba-narodowa-w-polsce","status":"publish","type":"post","link":"https:\/\/radiopoloniawinnipeg.com\/index.php\/2025\/04\/26\/pozegnanie-franciszka-zaloba-narodowa-w-polsce\/","title":{"rendered":"Po\u017cegnanie Franciszka &#8211; \u017ca\u0142oba narodowa w Polsce"},"content":{"rendered":"<p>O p\u00f3\u0142nocy w sobot\u0119 rozpocz\u0119\u0142a si\u0119 \u017ca\u0142oba narodowa, kt\u00f3r\u0105 prezydent Andrzeja Duda zarz\u0105dzi\u0142 w zwi\u0105zku z zaplanowanymi na ten dzie\u0144 uroczysto\u015bciami pogrzebowymi papie\u017ca Franciszka. Franciszek zmar\u0142 w poniedzia\u0142ek o godz. 7.35 w wieku 88 lat. Uroczysto\u015bci pogrzebowe papie\u017ca rozpocz\u0119\u0142y si\u0119 w sobot\u0119 o godz. 10 rano (4 w Toronto) na placu \u015awi\u0119tego Piotra w Watykanie. Po mszy trumna z cia\u0142em papie\u017ca zosta\u0142a przewieziona do bazyliki Matki Bo\u017cej Wi\u0119kszej, gdzie zosta\u0142 pochowany zgodnie ze swoj\u0105 wol\u0105. Decyzj\u0105 prezydenta Dudy sobota, dzie\u0144 pogrzebu papie\u017ca Franciszka, jest w Polsce dniem \u017ca\u0142oby narodowej. \u201eOddaj\u0105c ho\u0142d i wyra\u017caj\u0105c \u017cal w zwi\u0105zku ze \u015bmierci\u0105 Jego \u015awi\u0105tobliwo\u015bci Papie\u017ca Franciszka zarz\u0105dzam wprowadzenie \u017ca\u0142oby narodowej na terytorium Rzeczypospolitej Polskiej w dniu 26 kwietnia 2025 r.&#8221; &#8211; g\u0142osi rozporz\u0105dzenie prezydenta, opublikowane w \u015brod\u0119 Dzienniku Ustaw. Zgodnie z rozporz\u0105dzeniem, w czasie trwania \u017ca\u0142oby narodowej flag\u0119 pa\u0144stwow\u0105 RP opuszcza si\u0119 do po\u0142owy masztu, w szczeg\u00f3lno\u015bci na budynkach lub przed budynkami, kt\u00f3re stanowi\u0105 siedziby urz\u0119dowe albo miejsce obrad naczelnych w\u0142adz pa\u0144stwa, innych organ\u00f3w pa\u0144stwowych i pa\u0144stwowych jednostek organizacyjnych, a tak\u017ce organ\u00f3w samorz\u0105du terytorialnego i komunalnych jednostek organizacyjnych. Jednostki publicznej radiofonii i telewizji, nadawcy koncesjonowani oraz redakcje dziennik\u00f3w i czasopism maj\u0105 uwzgl\u0119dni\u0107 w czasie trwania \u017ca\u0142oby narodowej potrzeb\u0119 uczczenia pami\u0119ci papie\u017ca. Wydarzenia sportowe i kulturalne odb\u0119d\u0105 si\u0119 zgodnie z planem W zwi\u0105zku z og\u0142oszon\u0105 \u017ca\u0142ob\u0105 kandydaci w wyborach prezydenckich nie planuj\u0105 aktywno\u015bci kampanijnych. Organizatorzy imprez kulturalnych musz\u0105 sami podj\u0105\u0107 decyzj\u0119 o tym, czy ich imprezy odb\u0119d\u0105 si\u0119 czy zostan\u0105 odwo\u0142ane. Wi\u0119kszo\u015b\u0107 zdecydowa\u0142a, \u017ce jednak odb\u0119d\u0105 si\u0119. Mimo og\u0142oszenia \u017ca\u0142oby narodowej, wynikaj\u0105cej z uroczysto\u015bci pogrzebowych papie\u017ca Franciszka, zaplanowane na sobot\u0119 mecze ligowe i inne wydarzenia sportowe w Polsce odb\u0119d\u0105 si\u0119 zgodnie z planem. Zostan\u0105 jednak poprzedzone minut\u0105 ciszy i okrojone z imprez towarzysz\u0105cych. W uroczysto\u015bciach pogrzebowych papie\u017ca zapowiedzia\u0142o sw\u00f3j udzia\u0142 wielu przyw\u00f3dc\u00f3w pa\u0144stw, prezydenci m.in. USA i Ukrainy, premierzy oraz cz\u0142onkowie rodzin kr\u00f3lewskich. Z Polski na pogrzeb Franciszka udaje si\u0119 prezydent Andrzej Duda wraz z ma\u0142\u017conk\u0105 Agat\u0105 Kornhauser-Dud\u0105, marsza\u0142ek Sejmu Szymon Ho\u0142ownia, wicepremier szef MON W\u0142adys\u0142aw Kosiniak-Kamysz oraz parlamentarzy\u015bci. By\u0142a premier \u2013 \u201eFranciszek zak\u0142adnikiem swoich s\u0142\u00f3w\u201d Hanna Suchocka, by\u0142a premier i wieloletnia ambasador RP przy Watykanie powiedzia\u0142a, \u017ce jest zdecydowanie za wcze\u015bnie, aby ocenia\u0107 pontyfikat Franciszka. W programie \u201ePunkt widzenia Szubartowicza&#8221; podkre\u015bli\u0142a jednak, \u017ce kwestia wojny w Ukrainie z pewno\u015bci\u0105 b\u0119dzie komentowana szeroko nie tylko teraz, ale tak\u017ce w przysz\u0142o\u015bci. \u201eWyg\u0142asza\u0142 odwa\u017cne komentarze&#8221; Stwierdzi\u0142a, \u017ce \u201ewyb\u00f3r Franciszka wywo\u0142ywa\u0142 wi\u0119cej emocji ni\u017c jego dw\u00f3ch poprzednik\u00f3w&#8221;, poniewa\u017c zdawa\u0142o si\u0119, \u017ce uczyni Ko\u015bci\u00f3\u0142 bardziej liberalnym. Papie\u017c wielokrotnie wyg\u0142asza\u0142 odwa\u017cne komentarze, przez co naros\u0142o wobec niego wiele oczekiwa\u0144. To jedynie nasili\u0142o negatywne reakcje, kiedy ten nie wskaza\u0142 jednoznacznie, kto zaatakowa\u0142 Ukrain\u0119. &#8211; Szokiem by\u0142y jego wypowiedzi. I poprzez te wypowiedzi ludzie mieli wyg\u00f3rowane oczekiwania (&#8230;). Uwa\u017cano, \u017ce gdy papie\u017c dostrzega nier\u00f3wno\u015bci, zrozumie to co si\u0119 sta\u0142o na Ukrainie. Nast\u0105pi\u0142o zadziwienie, \u017ce papie\u017c nie da\u0142 wyra\u017anego g\u0142osu &#8211; powiedzia\u0142a. Papie\u017c globalnym liderem By\u0142a premier stwierdzi\u0142a, \u017ce \u201epapie\u017c sta\u0142 si\u0119 zak\u0142adnikiem w\u0142asnych s\u0142\u00f3w o poszukiwaniu pokoju za wszelk\u0105 cen\u0119&#8221; i tym samym \u201ezr\u00f3wna\u0142 agresora&#8221; z ofiar\u0105. &#8211; Pos\u0142ugiwa\u0142 si\u0119 tylko t\u0105 koncepcj\u0105 d\u0105\u017cenia do pokoju &#8211; doda\u0142a. W jej mniemaniu papie\u017c m\u00f3g\u0142 mie\u0107 problemy ze zrozumieniem specyficznych relacji w Europie. Przypomnia\u0142a, \u017ce Jan Pawe\u0142 II wyra\u017anie pot\u0119pia\u0142 konflikty, kt\u00f3re wybucha\u0142y w przesz\u0142o\u015bci. &#8211; Oczekiwanie na s\u0142owa papie\u017ca by\u0142y ogromne dlatego, \u017ce tego nauczy\u0142 nas Jan Pawe\u0142 II. W momentach takich konflikt\u00f3w zabiera\u0142 g\u0142os wyra\u017anie m.in. w przypadku Argentyny &#8211; Chile, czy te\u017c wojny w Iraku &#8211; powiedzia\u0142a. Hanna Suchocka przypomnia\u0142a, \u017ce papie\u017c jest liderem globalnym i dlatego s\u0105 wobec niego du\u017ce oczekiwania. &#8211; Niekt\u00f3rzy postrzegaj\u0105 papie\u017ca jedynie jako g\u0142ow\u0119 ko\u015bcio\u0142a, ale ko\u015bci\u00f3\u0142 jest globalny &#8211; doda\u0142a. Kto zostanie papie\u017cem? Hanna Suchocka powiedzia\u0142a, \u017ce ju\u017c Jan Pawe\u0142 II zacz\u0105\u0142 rewolucj\u0119 w Watykanie i kontynuowali j\u0105 zar\u00f3wno Benedykt XVI, jak i Franciszek. Jej zdaniem, kolejny papie\u017c zostanie wybrany tak, aby m\u00f3g\u0142 pod\u0105\u017ca\u0107 wyznaczon\u0105 \u015bcie\u017ck\u0105. &#8211; Nie wyobra\u017cam sobie, \u017ce mo\u017cna by\u0142o Ko\u015bci\u00f3\u0142 cofn\u0105\u0107, \u017ce on znajdzie si\u0119 w epoce lat 70. ubieg\u0142ego wieku. On musi i\u015b\u0107 dalej. Ko\u015bci\u00f3\u0142 zmienia si\u0119 dynamicznie, wraz ze zmieniaj\u0105cym si\u0119 \u015bwiatem &#8211; powiedzia\u0142a. By\u0142a premier doda\u0142a, \u017ce trudno wy\u0142oni\u0107 obecnie konkretnych faworyt\u00f3w, a wyb\u00f3r papie\u017ca mo\u017ce by\u0107 bardzo zaskakuj\u0105cy. &#8211; Mamy w tym monecie sytuacj\u0119 bardzo nietypow\u0105. Mamy pierwsze konklawe, kt\u00f3re jest tak nieprzewidywalne &#8211; doda\u0142a. Na podst. Polsat News<\/p>\n","protected":false},"excerpt":{"rendered":"<p>O p\u00f3\u0142nocy w sobot\u0119 rozpocz\u0119\u0142a si\u0119 \u017ca\u0142oba narodowa, kt\u00f3r\u0105 prezydent Andrzeja Duda zarz\u0105dzi\u0142 w zwi\u0105zku z zaplanowanymi na ten dzie\u0144 uroczysto\u015bciami pogrzebowymi papie\u017ca Franciszka. Franciszek&hellip;<\/p>\n","protected":false},"author":3,"featured_media":942,"comment_status":"open","ping_status":"open","sticky":false,"template":"","format":"standard","meta":{"footnotes":""},"categories":[14,18],"tags":[],"class_list":["post-941","post","type-post","status-publish","format-standard","has-post-thumbnail","hentry","category-polska","category-top-news"],"_links":{"self":[{"href":"https:\/\/radiopoloniawinnipeg.com\/index.php\/wp-json\/wp\/v2\/posts\/941","targetHints":{"allow":["GET"]}}],"collection":[{"href":"https:\/\/radiopoloniawinnipeg.com\/index.php\/wp-json\/wp\/v2\/posts"}],"about":[{"href":"https:\/\/radiopoloniawinnipeg.com\/index.php\/wp-json\/wp\/v2\/types\/post"}],"author":[{"embeddable":true,"href":"https:\/\/radiopoloniawinnipeg.com\/index.php\/wp-json\/wp\/v2\/users\/3"}],"replies":[{"embeddable":true,"href":"https:\/\/radiopoloniawinnipeg.com\/index.php\/wp-json\/wp\/v2\/comments?post=941"}],"version-history":[{"count":0,"href":"https:\/\/radiopoloniawinnipeg.com\/index.php\/wp-json\/wp\/v2\/posts\/941\/revisions"}],"wp:featuredmedia":[{"embeddable":true,"href":"https:\/\/radiopoloniawinnipeg.com\/index.php\/wp-json\/wp\/v2\/media\/942"}],"wp:attachment":[{"href":"https:\/\/radiopoloniawinnipeg.com\/index.php\/wp-json\/wp\/v2\/media?parent=941"}],"wp:term":[{"taxonomy":"category","embeddable":true,"href":"https:\/\/radiopoloniawinnipeg.com\/index.php\/wp-json\/wp\/v2\/categories?post=941"},{"taxonomy":"post_tag","embeddable":true,"href":"https:\/\/radiopoloniawinnipeg.com\/index.php\/wp-json\/wp\/v2\/tags?post=941"}],"curies":[{"name":"wp","href":"https:\/\/api.w.org\/{rel}","templated":true}]}}