{"id":943,"date":"2025-04-26T08:30:06","date_gmt":"2025-04-26T12:30:06","guid":{"rendered":"https:\/\/radiopoloniawinnipeg.com\/index.php\/2025\/04\/26\/pogrzeb-papieza-wedlug-uproszczonego-obrzedu\/"},"modified":"2025-04-26T08:30:06","modified_gmt":"2025-04-26T12:30:06","slug":"pogrzeb-papieza-wedlug-uproszczonego-obrzedu","status":"publish","type":"post","link":"https:\/\/radiopoloniawinnipeg.com\/index.php\/2025\/04\/26\/pogrzeb-papieza-wedlug-uproszczonego-obrzedu\/","title":{"rendered":"Pogrzeb papie\u017ca wed\u0142ug uproszczonego obrz\u0119du"},"content":{"rendered":"<p>Pogrzeb papie\u017ca Franciszka odby\u0142 si\u0119 wed\u0142ug uproszczonego obrz\u0119du, kt\u00f3rego szczeg\u00f3\u0142y opisano w\u00a0dokumencie wydanym w\u00a0listopadzie zesz\u0142ego roku. Franciszek wprowadzi\u0142 wcze\u015bniej zmiany do\u00a0ceremonii. Poleci\u0142 upro\u015bci\u0107 rytua\u0142. Poza tym, jak zaznaczono w\u00a0Watykanie, wzi\u0119to pod\u00a0uwag\u0119 aktualn\u0105 wra\u017cliwo\u015b\u0107 teologiczn\u0105 i\u00a0ko\u015bcieln\u0105 oraz\u00a0zmiany w\u00a0ksi\u0119gach liturgicznych. W\u015br\u00f3d zmian jest uproszczenie tytu\u0142\u00f3w papie\u017ca. Powr\u00f3cono do\u00a0terminologii zastosowanej wydaniu Msza\u0142u Rzymskiego z\u00a02008\u00a0r.: papie\u017c, biskup Rzymu i\u00a0pasterz. Franciszek postanowi\u0142, \u017ce\u00a0zamiast do\u00a0trzech trumien cia\u0142o zostanie z\u0142o\u017cone do\u00a0dw\u00f3ch: d\u0119bowej i\u00a0cynkowej. Wykre\u015blono trzeci\u0105 trumn\u0119 z\u00a0cyprysu. Drewniana trumna, w\u00a0kt\u00f3rej z\u0142o\u017cono jego cia\u0142o, by\u0142a nadzwyczaj prosta i\u00a0skromna. Zgodnie z\u00a0protoko\u0142em pierwsze miejsca w\u00a0rz\u0119dach przed bazylik\u0105 zaj\u0119\u0142a delegacja z\u00a0Argentyny z\u00a0prezydentem Mileiem. Nast\u0119pna by\u0142a delegacja W\u0142och, a\u00a0w\u00a0niej prezydent Sergio Mattarella i\u00a0premier Giorgia Meloni. W\u00a0kolejnych rz\u0119dach zasiad\u0142y koronowane g\u0142owy i\u00a0reprezentanci kraj\u00f3w w\u00a0porz\u0105dku alfabetycznym w\u00a0j\u0119zyku francuskim. W uroczysto\u015bci udzia\u0142 wzi\u0119\u0142o 160 delegacji i\u00a0kilkudziesi\u0119ciu przyw\u00f3dc\u00f3w politycznych z\u00a0ca\u0142ego \u015bwiata. Mszy przewodniczy\u0142 dziekan Kolegium Kardynalskiego kardyna\u0142 Giovanni Battista Re. Poch\u00f3wek w\u00a0bazylice Matki Bo\u017cej Wi\u0119kszej Trumna spocz\u0119\u0142a pod bazylik\u0105 Matki Bo\u017cej Wi\u0119kszej. Obrz\u0119d z\u0142o\u017cenia trumny w grobie nie by\u0142 transmitowany jako akt prywatny. Zgodnie z \u017cyczeniem papie\u017ca na jego grobie z marmuru z Ligurii \u2013 regionu pochodzenia rodziny jego matki, widnie\u0107 b\u0119dzie tylko napis Franciscus, a nad nim umieszczona b\u0119dzie reprodukcja krzy\u017ca, kt\u00f3ry nosi\u0142 na piersi. Ceremonii z\u0142o\u017cenia trumny b\u0119dzie przewodniczy\u0107 zarz\u0105dzaj\u0105cy Ko\u015bcio\u0142em w\u00a0czasie wakatu w\u00a0Stolicy Apostolskiej kamerling \u015awi\u0119tego Ko\u015bcio\u0142a Rzymskiego kardyna\u0142 Kevin Farrell. Polacy na pogrzebie Msza pogrzebowa zmar\u0142ego papie\u017ca by\u0142a transmitowana przez wiele telewizji na ca\u0142ym \u015bwiecie. W uroczysto\u015bciach pogrzebowych poza pielgrzymami z Polski wzi\u0119\u0142a udzia\u0142 delegacja Polska z prezydentem Andrzejem Dud\u0105 na czele. G\u0142owie pa\u0144stwa towarzyszy\u0142a Pierwsza Dama Agata Kornhauser-Duda. Obecni byli marsza\u0142ek Sejmu Szymon Ho\u0142ownia i wicepremier W\u0142adys\u0142aw Kosiniak-Kamysz oraz wsp\u00f3\u0142pracownicy prezydenta. Msz\u0119 \u015bw. pogrzebow\u0105 papie\u017ca koncelebruj\u0105 przedstawiciele Konferencji Episkopatu Polski na\u00a0czele z\u00a0przewodnicz\u0105cym abp. Tadeuszem Wojd\u0105 oraz\u00a0sekretarzem generalnym bp. Markiem Marczakiem. Poza Polakami w\u00a0Watykanie jest m.in. prezydent USA Donald Trump z\u00a0ma\u0142\u017conk\u0105. Na\u00a0miejscu jest te\u017c by\u0142y prezydent Joe Biden. Na plac \u015bw. Piotra przybyli tak\u017ce m.in. prezydenci Ukrainy, Brazylii, Francji, Niemiec, Irlandii, Portugalii, W\u0119gier, Litwy, \u0141otwy i\u00a0Estonii, pary kr\u00f3lewskie i\u00a0ksi\u0105\u017c\u0119ce z: Hiszpanii, Belgii, Holandii, Monako, jak r\u00f3wnie\u017c nast\u0119pca brytyjskiego tronu i\u00a0premier Wielkiej Brytanii, sekretarz generalny ONZ, szefowa Komisji Europejskiej i\u00a0przewodnicz\u0105ca Parlamentu Europejskiego. S\u0105 przedstawiciele innych Ko\u015bcio\u0142\u00f3w chrze\u015bcija\u0144skich (m.in. prawos\u0142awny patriarcha Konstantynopola Bart\u0142omiej i\u00a0w\u0142adze \u015awiatowej Rady Ko\u015bcio\u0142\u00f3w) oraz\u00a0innych religii. Kard. Re: My\u015bl\u0105 Franciszka by\u0142o przekonanie, \u017ce\u00a0Ko\u015bci\u00f3\u0142 jest dla wszystkich domem \u201eKochany Papie\u017cu Franciszku, teraz my\u00a0prosimy Ciebie, aby\u015b modli\u0142 si\u0119 za\u00a0nas i\u00a0z\u00a0nieba b\u0142ogos\u0142awi\u0142 Ko\u015bci\u00f3\u0142, b\u0142ogos\u0142awi\u0142 Rzym, b\u0142ogos\u0142awi\u0142 ca\u0142y \u015bwiat, tak jak to\u00a0uczyni\u0142e\u015b w\u00a0minion\u0105 niedziel\u0119 z\u00a0balkonu tej Bazyliki, w\u00a0ostatnim ge\u015bcie obj\u0119cia ca\u0142ego Ludu Bo\u017cego, ale\u00a0tak\u017ce ca\u0142ej ludzko\u015bci, kt\u00f3ra szczerym sercem poszukuje prawdy i\u00a0trzyma wysoko pochodni\u0119 nadziei\u201d \u2013\u00a0wezwa\u0142 kard. Giovanni Battista Re. Dziekan Kolegium Kardynalskiego w\u00a0kazaniu podczas\u00a0Mszy \u015bw. pogrzebowej Papie\u017ca Franciszka\u00a0podkre\u015bli\u0142: \u201eMi\u0142osierdzie i\u00a0rado\u015b\u0107 Ewangelii to\u00a0dwa s\u0142owa klucze Papie\u017ca Franciszka\u201d. Mi\u0142osierdzie i rado\u015b\u0107 &#8211; homilia kard. Re Na wst\u0119pie kard. Re przypomnia\u0142, \u017ce\u00a0Franciszek na\u00a0Placu \u015awi\u0119tego Piotra w\u00a0ci\u0105gu ostatnich 12 lat cz\u0119sto celebrowa\u0142 Eucharysti\u0119 i\u00a0przewodniczy\u0142 wielkim zgromadzeniom. \u201eZebrali\u015bmy si\u0119 na\u00a0modlitwie przy jego doczesnych szcz\u0105tkach z\u00a0sercami pe\u0142nymi smutku, lecz umocnieni pewno\u015bci\u0105 wiary, kt\u00f3ra nas zapewnia, \u017ce\u00a0ludzkie \u017cycie nie\u00a0ko\u0144czy si\u0119 w\u00a0grobie, ale\u00a0w\u00a0domu Ojca, w\u00a0\u017cyciu pe\u0142nym szcz\u0119\u015bcia, kt\u00f3re nie\u00a0zna zmierzchu\u201d \u2013\u00a0powiedzia\u0142 kard. Re. W imieniu Kolegium Kardynalskiego podzi\u0119kowa\u0142 wszystkim za\u00a0obecno\u015b\u0107, g\u0142owom pa\u0144stw, szefom rz\u0105d\u00f3w i\u00a0oficjalnym delegacjom, kt\u00f3re przyby\u0142y z\u00a0wielu kraj\u00f3w, aby\u00a0\u201ewyrazi\u0107 swoje przywi\u0105zanie, cze\u015b\u0107 i\u00a0szacunek wobec Papie\u017ca, kt\u00f3ry nas opu\u015bci\u0142\u201d. Zwr\u00f3ci\u0142 uwag\u0119, \u017ce\u00a0liczba os\u00f3b, kt\u00f3re odda\u0142y ho\u0142d w\u00a0minionych dniach \u015bwiadczy o\u00a0tym, jak \u201ebardzo bogaty pontyfikat Papie\u017ca Franciszka dotyka\u0142 umys\u0142\u00f3w i\u00a0serc\u201d. Kardyna\u0142 podkre\u015bli\u0142, \u017ce\u00a0modlitw\u0105 \u201epragniemy teraz powierzy\u0107 Bogu dusz\u0119 umi\u0142owanego Papie\u017ca, aby\u00a0obdarzy\u0142 go\u00a0wiecznym szcz\u0119\u015bciem w\u00a0\u015bwietlistym i\u00a0chwalebnym bezkresie Jego niesko\u0144czonej mi\u0142o\u015bci\u201d. Kard. Re zwr\u00f3ci\u0142 uwag\u0119, \u017ce\u00a0pomimo s\u0142abo\u015bci i\u00a0cierpienia ostatniego czasu, Papie\u017c Franciszek wybra\u0142 drog\u0119 po\u015bwi\u0119cenia a\u017c\u00a0do\u00a0ostatniego dnia swojego \u017cycia na\u00a0ziemi. \u201ePod\u0105\u017ca\u0142 \u015bladami swojego Pana, Dobrego Pasterza, kt\u00f3ry umi\u0142owa\u0142 swoje owce a\u017c\u00a0do\u00a0oddania za\u00a0nie swojego \u017cycia\u201d \u2013\u00a0zaznaczy\u0142 kardyna\u0142. Pontyfikat Franciszka Zwr\u00f3ci\u0142 uwag\u0119, \u017ce\u00a0decyzja o\u00a0przyj\u0119ciu imienia Franciszek okaza\u0142a si\u0119 wyborem programu i\u00a0stylu, kt\u00f3ry chcia\u0142 nada\u0107 swemu pontyfikatowi, staraj\u0105c si\u0119 czerpa\u0107 inspiracj\u0119 z\u00a0ducha \u015bw. Franciszka z\u00a0Asy\u017cu. \u201eZachowa\u0142 sw\u00f3j temperament i\u00a0styl pasterskiego przewodzenia, a\u00a0tak\u017ce od\u00a0razu nada\u0142 zarz\u0105dzaniu Ko\u015bcio\u0142em wyra\u017ane rysy swojej silnej osobowo\u015bci. Nawi\u0105zywa\u0142 bezpo\u015bredni kontakt z\u00a0poszczeg\u00f3lnymi osobami i\u00a0spo\u0142ecze\u0144stwami, pragn\u0105c by\u0107 blisko wszystkich. Szczeg\u00f3lnie troszczy\u0142 si\u0119 o\u00a0osoby w\u00a0trudnej sytuacji, po\u015bwi\u0119ca\u0142 si\u0119 bezgranicznie, zw\u0142aszcza dla\u00a0ostatnich tego \u015bwiata, dla\u00a0wykluczanych. By\u0142 Papie\u017cem po\u015br\u00f3d ludzi, mia\u0142 serce otwarte dla\u00a0wszystkich. By\u0142 r\u00f3wnie\u017c Papie\u017cem, kt\u00f3ry dostrzega\u0142 nowe zjawiska w\u00a0spo\u0142ecze\u0144stwie i\u00a0to, co\u00a0Duch \u015awi\u0119ty wzbudza\u0142 w\u00a0Ko\u015bciele\u201d \u2013\u00a0m\u00f3wi\u0142 kard. Re. Podkre\u015bli\u0142, \u017ce\u00a0pierwsze\u0144stwo ewangelizacji wyznacza\u0142o kierunek jego pontyfikatu. \u201eZ\u00a0wyra\u017anie misyjnym podej\u015bciem szerzy\u0142 rado\u015b\u0107 Ewangelii, kt\u00f3r\u0105 zawar\u0142 w\u00a0tytule swojej pierwszej adhortacji apostolskiej\u00a0Evangelii gaudium. To\u00a0rado\u015b\u0107, kt\u00f3ra nape\u0142nia ufno\u015bci\u0105 i\u00a0nadziej\u0105 serca wszystkich, kt\u00f3rzy zawierzaj\u0105 si\u0119 Bogu\u201d \u2013\u00a0zaznaczy\u0142 kard. Re. Zwr\u00f3ci\u0142 uwag\u0119, \u017ce\u00a0motywem przewodnim misji Franciszka by\u0142o r\u00f3wnie\u017c przekonanie, \u017ce\u00a0\u201eKo\u015bci\u00f3\u0142 jest domem dla\u00a0wszystkich, domem o\u00a0zawsze otwartych drzwiach\u201d. \u201eWielokrotnie odwo\u0142ywa\u0142 si\u0119 do\u00a0obrazu Ko\u015bcio\u0142a jako `szpitala polowego` po\u00a0bitwie, w\u00a0kt\u00f3rej wielu odnios\u0142o ranny. Ko\u015bcio\u0142a, kt\u00f3ry konsekwentnie pragnie pochyla\u0107 si\u0119 nad ludzkimi problemami i\u00a0wielkimi niepokojami rozdzieraj\u0105cymi wsp\u00f3\u0142czesny \u015bwiat. Ko\u015bcio\u0142a zdolnego pochyla\u0107 si\u0119 nad ka\u017cdym cz\u0142owiekiem, niezale\u017cnie od\u00a0jego wiary czy\u00a0\u017cyciowej sytuacji, aby\u00a0opatrywa\u0107 jego rany\u201d \u2013\u00a0powiedzia\u0142 kard. Re. Przypomnia\u0142 wezwanie wielokrotnie powtarzane wezwanie Franciszka: \u201eBudujcie mosty, a\u00a0nie mury\u201d. \u201eJego pos\u0142uga wiary jako Nast\u0119pcy Aposto\u0142a Piotra zawsze by\u0142a zwi\u0105zana ze\u00a0s\u0142u\u017cb\u0105 cz\u0142owiekowi we\u00a0wszystkich jego wymiarach\u201d \u2013\u00a0podkre\u015bli\u0142 kard. Re. Wskaza\u0142 na\u00a0charakterystyczne s\u0142ownictwo oraz\u00a0j\u0119zyk bogaty w\u00a0obrazy i\u00a0metafory, kt\u00f3rymi papie\u017c \u201ezawsze stara\u0142 si\u0119 o\u015bwieca\u0107 problemy naszych czas\u00f3w m\u0105dro\u015bci\u0105 Ewangelii\u201d. \u201eProponowa\u0142 odpowiedzi w\u00a0\u015bwietle wiary i\u00a0zach\u0119ca\u0142 do\u00a0chrze\u015bcija\u0144skiego \u017cycia w\u00a0obliczu wyzwa\u0144 i\u00a0sprzeczno\u015bci naszych zmieniaj\u0105cych si\u0119 czas\u00f3w, kt\u00f3re lubi\u0142 okre\u015bla\u0107 mianem `zmiany epoki`\u201d \u2013\u00a0powiedzia\u0142 kard. Re i\u00a0doda\u0142: \u201eCharakteryzowa\u0142a go\u00a0wielka spontaniczno\u015b\u0107 i\u00a0nieformalny spos\u00f3b zwracania si\u0119 do\u00a0wszystkich, nawet do\u00a0os\u00f3b dalekich od\u00a0Ko\u015bcio\u0142a\u201d. \u201ePe\u0142en ludzkiego ciep\u0142a i\u00a0g\u0142\u0119boko wra\u017cliwy na\u00a0codzienne dramaty\u201d Kardyna\u0142 zwr\u00f3ci\u0142 uwag\u0119, \u017ce\u00a0Franciszek by\u0142 \u201epe\u0142en ludzkiego ciep\u0142a i\u00a0g\u0142\u0119boko wra\u017cliwy na\u00a0codzienne dramaty\u201d. \u201ePapie\u017c Franciszek prawdziwie dzieli\u0142 niepokoje, cierpienia i\u00a0nadzieje czas\u00f3w globalizacji i\u00a0po\u015bwi\u0119ca\u0142 si\u0119 dodawaniu otuchy i\u00a0odwagi przes\u0142aniem, kt\u00f3re potrafi\u0142o dotrze\u0107 do\u00a0serc ludzi w\u00a0bezpo\u015bredni i\u00a0natychmiastowy spos\u00f3b\u201d \u2013\u00a0zaznaczy\u0142 kard. Re. Wskaza\u0142 na\u00a0\u201echaryzmat go\u015bcinno\u015bci i\u00a0s\u0142uchania, w\u00a0po\u0142\u0105czeniu ze\u00a0stylem odpowiadaj\u0105cym wsp\u00f3\u0142czesnej wra\u017cliwo\u015bci\u201d Franciszka, kt\u00f3re \u201eporusza\u0142y serca, aby\u00a0budzi\u0107 si\u0142y moralne i\u00a0duchowe\u201d. Wskaza\u0142 na\u00a0niezliczone gesty i\u00a0apele Franciszka na\u00a0rzecz uchod\u017ac\u00f3w i\u00a0uciekinier\u00f3w. Niezmienna by\u0142a r\u00f3wnie\u017c jego determinacja w\u00a0dzia\u0142aniu na\u00a0rzecz ubogich. Kard. Re podkre\u015bli\u0142, \u017ce\u00a0spo\u015br\u00f3d jego 47 podr\u00f3\u017cy apostolskich, szczeg\u00f3lne miejsce w\u00a0historii zajmie ta\u00a0do\u00a0Iraku w\u00a02021 roku \u2013\u00a0\u201epodj\u0119ta pomimo wszelkich zagro\u017ce\u0144\u201d. \u201eBy\u0142a ona balsamem na\u00a0otwarte rany ludno\u015bci Iraku i\u00a0dialogu mi\u0119dzyreligijnego, \u201ekolejnego istotnego wymiaru jego pos\u0142ugi pasterskiej\u201d. Wspomnia\u0142 tak\u017ce podr\u00f3\u017c apostolsk\u0105 do\u00a0czterech kraj\u00f3w Azji i\u00a0Oceanii w\u00a02024\u00a0r., gdzie Papie\u017c dotar\u0142 do\u00a0\u201enajbardziej peryferyjnych peryferii \u015bwiata\u201d. \u201ePapie\u017c Franciszek zawsze stawia\u0142 w\u00a0centrum Ewangeli\u0119 mi\u0142osierdzia, wielokrotnie podkre\u015blaj\u0105c, \u017ce\u00a0B\u00f3g nie\u00a0m\u0119czy si\u0119 przebaczaniem \u2013\u00a0On przebacza zawsze, niezale\u017cnie od\u00a0sytuacji tego, kto prosi o\u00a0przebaczenie i\u00a0powraca na\u00a0drog\u0119 prawdy\u201d \u2013\u00a0powiedzia\u0142 kard. Re i\u00a0przypomnia\u0142, \u017ce\u00a0Franciszek og\u0142osi\u0142 Nadzwyczajny Jubileusz Mi\u0142osierdzia, podkre\u015blaj\u0105c, \u017ce\u00a0mi\u0142osierdzie jest \u201esercem Ewangelii\u201d. \u201eMi\u0142osierdzie i\u00a0rado\u015b\u0107 Ewangelii to\u00a0dwa s\u0142owa klucze Papie\u017ca Franciszka\u201d \u2013\u00a0podkre\u015bli\u0142 kard. Re. Doda\u0142, \u017ce\u00a0w\u00a02016\u00a0r. og\u0142osi\u0142 Nadzwyczajny Jubileusz Mi\u0142osierdzia, podkre\u015blaj\u0105c, \u017ce\u00a0mi\u0142osierdzie jest \u201esercem Ewangelii\u201d. Zwr\u00f3ci\u0142 uwag\u0119, \u017ce\u00a0Franciszek w\u00a0przeciwie\u0144stwie do\u00a0tego, co\u00a0nazwa\u0142 \u201ekultur\u0105 odrzucenia\u201d, m\u00f3wi\u0142 o\u00a0kulturze spotkania i\u00a0solidarno\u015bci. \u201eTemat braterstwa przewija\u0142 si\u0119 przez ca\u0142\u0105 jego pontyfikat w\u00a0poruszaj\u0105cych tonach\u201d \u2013\u00a0przypomnia\u0142 kard. Re i\u00a0wskaza\u0142 na\u00a0encyklik\u0119\u00a0Fratelli tutti. A\u00a0zwracaj\u0105c si\u0119 do\u00a0m\u0119\u017cczyzn i\u00a0kobiet na\u00a0ca\u0142ym \u015bwiecie, w\u00a0encyklice\u00a0Laudato si&#8217;\u00a0zwr\u00f3ci\u0142 uwag\u0119 na\u00a0obowi\u0105zki i\u00a0wsp\u00f3\u0142odpowiedzialno\u015b\u0107 w\u00a0trosce o\u00a0wsp\u00f3lny dom. \u201eNikt nie\u00a0zbawi si\u0119 sam\u201d. Kaznodzieja przypomnia\u0142, \u017ce\u00a0w\u00a02019 roku, podczas podr\u00f3\u017cy do\u00a0Zjednoczonych Emirat\u00f3w Arabskich, Papie\u017c Franciszek podpisa\u0142\u00a0Dokument o\u00a0ludzkim braterstwie dla\u00a0pokoju i\u00a0\u015bwiatowego wsp\u00f3\u0142istnienia, odwo\u0142uj\u0105c si\u0119 wsp\u00f3lnego ojcostwa Boga. \u201eW\u00a0obliczu szalej\u0105cych w\u00a0ostatnich latach licznych wojen, nios\u0105cych ze\u00a0sob\u0105 nieludzkie okrucie\u0144stwa, niezliczone ofiary i\u00a0zniszczenia, Papie\u017c Franciszek nieustannie zabiera\u0142 g\u0142os, b\u0142agaj\u0105c o\u00a0pok\u00f3j. Wzywa\u0142 do\u00a0rozs\u0105dku i\u00a0uczciwych negocjacji, aby\u00a0szuka\u0107 mo\u017cliwych rozwi\u0105za\u0144, poniewa\u017c \u2013\u00a0jak mawia\u0142 \u2013\u00a0wojna to\u00a0jedynie \u015bmier\u0107 ludzi, zniszczenie dom\u00f3w, szpitali i\u00a0szk\u00f3\u0142. Wojna zawsze pozostawia \u015bwiat gorszym ni\u017c\u00a0by\u0142 wcze\u015bniej \u2013\u00a0dla\u00a0wszystkich jest zawsze bolesn\u0105 i\u00a0tragiczn\u0105 pora\u017ck\u0105\u201d \u2013\u00a0m\u00f3wi\u0142 kardyna\u0142. Przypomnia\u0142, \u017ce\u00a0Papie\u017c Franciszek zwyk\u0142 ko\u0144czy\u0107 swoje przem\u00f3wienia i\u00a0spotkania s\u0142owami: \u201eNie zapominajcie modli\u0107 si\u0119 za\u00a0mnie\u201d. \u201eKochany Papie\u017cu Franciszku, teraz my\u00a0prosimy Ciebie, aby\u015b modli\u0142 si\u0119 za\u00a0nas i\u00a0z\u00a0nieba b\u0142ogos\u0142awi\u0142 Ko\u015bci\u00f3\u0142, b\u0142ogos\u0142awi\u0142 Rzym, b\u0142ogos\u0142awi\u0142 ca\u0142y \u015bwiat, tak jak to\u00a0uczyni\u0142e\u015b w\u00a0minion\u0105 niedziel\u0119 z\u00a0balkonu tej Bazyliki, w\u00a0ostatnim ge\u015bcie obj\u0119cia ca\u0142ego Ludu Bo\u017cego, ale\u00a0tak\u017ce ca\u0142ej ludzko\u015bci, kt\u00f3ra szczerym sercem poszukuje prawdy i\u00a0trzyma wysoko pochodni\u0119 nadziei\u201d \u2013\u00a0zako\u0144czy\u0142 kazanie kard. Re. Polityka Rzecznik prezydenta Ukrainy powiedzia\u0142, \u017ce\u00a0Donald Trump spotka\u0142 si\u0119 z\u00a0Wo\u0142odymyrem Ze\u0142enskim\u00a0przed pogrzebem papie\u017ca Franciszka. Wcze\u015bniej telewizja SkyNews, powo\u0142uj\u0105c si\u0119 na\u00a0swoje \u017ar\u00f3d\u0142a, poda\u0142a, \u017ce\u00a0prezydenci USA i\u00a0Ukrainy odbyli spotkanie przed pogrzebem papie\u017ca Franciszka. \u201eObaj przyw\u00f3dcy zgodzili si\u0119 r\u00f3wnie\u017c na\u00a0kolejne spotkanie po\u00a0uroczysto\u015bciach pogrzebowych jeszcze dzi\u015b&#8221; \u2013\u00a0poda\u0142a SkyNews. Rzecznik ukrai\u0144skiego prezydenta Serhij Nikiforow potwierdzi\u0142 te\u00a0doniesienia, nie\u00a0zdradzaj\u0105c szczeg\u00f3\u0142\u00f3w rozmowy. Jak przekaza\u0142, spotkanie trwa\u0142o oko\u0142o 15 minut. Z harmonogramu Trumpa wynika, \u017ce\u00a0prezydent USA opu\u015bci bazylik\u0119 \u015bw. Piotra i\u00a0uda si\u0119 na\u00a0lotnisko oko\u0142o godzin\u0119 po\u00a0pogrzebie. Na placu \u015bw. Piotra i\u00a0okalaj\u0105cych go\u00a0ulicach zgromadzi\u0142o si\u0119 ponad 150 tys. wiernych. Niekt\u00f3re \u017ar\u00f3d\u0142a podaj\u0105, \u017ce\u00a0\u017ca\u0142obnik\u00f3w jest 200 tysi\u0119cy. Dla\u00a0tych, dla\u00a0kt\u00f3rych nie\u00a0starczy\u0142o miejsca na\u00a0placu, przygotowano telebimy na\u00a0ulicy Conciliazione, prowadz\u0105cej do\u00a0Watykanu z\u00a0centrum Rzymu, i\u00a0na odleg\u0142ym o\u00a0kilka minut placu Risorgimento. Na podst. KAI, Polsat News, Reuters, AP<\/p>\n","protected":false},"excerpt":{"rendered":"<p>Pogrzeb papie\u017ca Franciszka odby\u0142 si\u0119 wed\u0142ug uproszczonego obrz\u0119du, kt\u00f3rego szczeg\u00f3\u0142y opisano w\u00a0dokumencie wydanym w\u00a0listopadzie zesz\u0142ego roku. Franciszek wprowadzi\u0142 wcze\u015bniej zmiany do\u00a0ceremonii. Poleci\u0142 upro\u015bci\u0107 rytua\u0142. Poza&hellip;<\/p>\n","protected":false},"author":3,"featured_media":944,"comment_status":"open","ping_status":"open","sticky":false,"template":"","format":"standard","meta":{"footnotes":""},"categories":[15,18],"tags":[],"class_list":["post-943","post","type-post","status-publish","format-standard","has-post-thumbnail","hentry","category-swiat","category-top-news"],"_links":{"self":[{"href":"https:\/\/radiopoloniawinnipeg.com\/index.php\/wp-json\/wp\/v2\/posts\/943","targetHints":{"allow":["GET"]}}],"collection":[{"href":"https:\/\/radiopoloniawinnipeg.com\/index.php\/wp-json\/wp\/v2\/posts"}],"about":[{"href":"https:\/\/radiopoloniawinnipeg.com\/index.php\/wp-json\/wp\/v2\/types\/post"}],"author":[{"embeddable":true,"href":"https:\/\/radiopoloniawinnipeg.com\/index.php\/wp-json\/wp\/v2\/users\/3"}],"replies":[{"embeddable":true,"href":"https:\/\/radiopoloniawinnipeg.com\/index.php\/wp-json\/wp\/v2\/comments?post=943"}],"version-history":[{"count":0,"href":"https:\/\/radiopoloniawinnipeg.com\/index.php\/wp-json\/wp\/v2\/posts\/943\/revisions"}],"wp:featuredmedia":[{"embeddable":true,"href":"https:\/\/radiopoloniawinnipeg.com\/index.php\/wp-json\/wp\/v2\/media\/944"}],"wp:attachment":[{"href":"https:\/\/radiopoloniawinnipeg.com\/index.php\/wp-json\/wp\/v2\/media?parent=943"}],"wp:term":[{"taxonomy":"category","embeddable":true,"href":"https:\/\/radiopoloniawinnipeg.com\/index.php\/wp-json\/wp\/v2\/categories?post=943"},{"taxonomy":"post_tag","embeddable":true,"href":"https:\/\/radiopoloniawinnipeg.com\/index.php\/wp-json\/wp\/v2\/tags?post=943"}],"curies":[{"name":"wp","href":"https:\/\/api.w.org\/{rel}","templated":true}]}}