{"id":947,"date":"2025-04-26T10:30:07","date_gmt":"2025-04-26T14:30:07","guid":{"rendered":"https:\/\/radiopoloniawinnipeg.com\/index.php\/2025\/04\/26\/matecki-na-wolnosci\/"},"modified":"2025-04-26T10:30:07","modified_gmt":"2025-04-26T14:30:07","slug":"matecki-na-wolnosci","status":"publish","type":"post","link":"https:\/\/radiopoloniawinnipeg.com\/index.php\/2025\/04\/26\/matecki-na-wolnosci\/","title":{"rendered":"Matecki na wolno\u015bci"},"content":{"rendered":"<p>Dariusz Matecki opu\u015bci\u0142 areszt \u015bledczy w Radomiu. Jak podkre\u015bli\u0142, g\u0142\u00f3wnym celem jego zatrzymania by\u0142 tzw. areszt wydobywczy. \u201eUda\u0142o si\u0119 zebra\u0107 por\u0119czenie za Dariusza Mateckiego i w dniu dzisiejszym zosta\u0142o wp\u0142acone! Oko\u0142o godz. 15:00 mama pos\u0142a podpisa\u0142a w Prokuraturze niezb\u0119dne dokumenty i po 16:30 Dariusz Matecki b\u0119dzie m\u00f3g\u0142 opu\u015bci\u0107 Areszt \u015aledczy w Radomiu, do zobaczenia na wolno\u015bci!\u201d \u2013 poinformowano na profilu Mateckiego. Rzecznik prasowy Prokuratury Krajowej Przemys\u0142aw Nowak przekaza\u0142, \u017ce wobec pos\u0142a zastosowano doz\u00f3r policyjny, obejmuj\u0105cy m.in. zakaz kontaktowania si\u0119 z okre\u015blonymi osobami. Matecki opu\u015bci\u0142 areszt kilka minut po godz. 17. \u2013 Pierwsze cztery zarzuty dotycz\u0105 rzekomych przest\u0119pstw urz\u0119dniczych, kt\u00f3re mia\u0142em pope\u0142ni\u0107 jako pracownik Ministerstwa Sprawiedliwo\u015bci. Problem w tym, \u017ce nigdy nie by\u0142em jego urz\u0119dnikiem. Pozosta\u0142e dwa zarzuty, zwi\u0105zane z Lasami Pa\u0144stwowymi, ca\u0142kowicie obali\u0142em podczas przes\u0142ucha\u0144 komisji \u2013 powiedzia\u0142. Doda\u0142, \u017ce w \u017cadnym z sze\u015bciu przedstawionych mu zarzut\u00f3w nie widzi swojej winy. \u2013 G\u0142\u00f3wnym celem mojego aresztowania by\u0142 areszt wydobywczy. Chodzi\u0142o o to, bym powiedzia\u0142 co\u015b z\u0142ego o Zbigniewie Ziobrze \u2013 stwierdzi\u0142 Matecki. \u2013 Minister Ziobro to m\u00f3j polityczny autorytet. Wszystko, co robi\u0142, robi\u0142 dla dobra Polski. Pokona\u0142 mafie VAT-owskie, kt\u00f3re dzi\u015b wracaj\u0105 \u2013 doda\u0142. Komentarz do bie\u017c\u0105cej sytuacji Pose\u0142 odni\u00f3s\u0142 si\u0119 r\u00f3wnie\u017c do wydarze\u0144, kt\u00f3re mia\u0142y miejsce w czasie jego pobytu w areszcie. \u2013 Z powodu politycznej zemsty doprowadzono do \u015bmierci Barbary Skrzypek, ojca pos\u0142a Marcina Romanowskiego&#8230; \u2013 zacz\u0105\u0142 m\u00f3wi\u0107, po czym przerwa\u0142 wypowied\u017a, przyznaj\u0105c, \u017ce jest zbyt wzruszony. \u2013 \u017bebym zawa\u0142u nie dosta\u0142 \u2013 powiedzia\u0142 emocjonalnie. Matecki poruszy\u0142 tak\u017ce spraw\u0119 morderstwa dziecka w Ole\u015bnicy, kt\u00f3re \u2013 jak wskaza\u0142 \u2013 wstrz\u0105sn\u0119\u0142o nim najmocniej. \u2013 \u0141zy ciek\u0142y mi ciurkiem, gdy przeczyta\u0142em o zamordowaniu malutkiego dziecka zastrzykiem w serce. Z tego miejsca apeluj\u0119 do Szymona Ho\u0142owni, Piotra Zgorzelskiego \u2013 jeste\u015bcie w koalicji z lud\u017ami, kt\u00f3rzy do tego doprowadzili \u2013 powiedzia\u0142. Problemy zdrowotne i podzi\u0119kowania Pose\u0142 poinformowa\u0142, \u017ce podczas pobytu w areszcie przebywa\u0142 w oddziale szpitalnym. \u2013 Dwa miesi\u0105ce przed aresztowaniem zdiagnozowano u mnie dziesi\u0105tki zmian nowotworowych w \u017co\u0142\u0105dku. Mimo przekazywania informacji o zagro\u017ceniu nowotworowym, prokuratura nie dopu\u015bci\u0142a do przeprowadzenia operacji \u2013 podkre\u015bli\u0142. Dariusz Matecki zapowiedzia\u0142, \u017ce nie b\u0119dzie ostatnim pos\u0142em opozycji zatrzymanym przez obecn\u0105 w\u0142adz\u0119. Zapewni\u0142 te\u017c o swojej niewinno\u015bci. Na zako\u0144czenie podzi\u0119kowa\u0142 pos\u0142om PiS i Konfederacji, swoim adwokatom oraz mediom, w tym Telewizji Trwam, Telewizji Republika i wPolsce24. Na podst. Polsat News i Nasz Dziennik<\/p>\n","protected":false},"excerpt":{"rendered":"<p>Dariusz Matecki opu\u015bci\u0142 areszt \u015bledczy w Radomiu. Jak podkre\u015bli\u0142, g\u0142\u00f3wnym celem jego zatrzymania by\u0142 tzw. areszt wydobywczy. \u201eUda\u0142o si\u0119 zebra\u0107 por\u0119czenie za Dariusza Mateckiego i&hellip;<\/p>\n","protected":false},"author":3,"featured_media":948,"comment_status":"open","ping_status":"open","sticky":false,"template":"","format":"standard","meta":{"footnotes":""},"categories":[14,18],"tags":[],"class_list":["post-947","post","type-post","status-publish","format-standard","has-post-thumbnail","hentry","category-polska","category-top-news"],"_links":{"self":[{"href":"https:\/\/radiopoloniawinnipeg.com\/index.php\/wp-json\/wp\/v2\/posts\/947","targetHints":{"allow":["GET"]}}],"collection":[{"href":"https:\/\/radiopoloniawinnipeg.com\/index.php\/wp-json\/wp\/v2\/posts"}],"about":[{"href":"https:\/\/radiopoloniawinnipeg.com\/index.php\/wp-json\/wp\/v2\/types\/post"}],"author":[{"embeddable":true,"href":"https:\/\/radiopoloniawinnipeg.com\/index.php\/wp-json\/wp\/v2\/users\/3"}],"replies":[{"embeddable":true,"href":"https:\/\/radiopoloniawinnipeg.com\/index.php\/wp-json\/wp\/v2\/comments?post=947"}],"version-history":[{"count":0,"href":"https:\/\/radiopoloniawinnipeg.com\/index.php\/wp-json\/wp\/v2\/posts\/947\/revisions"}],"wp:featuredmedia":[{"embeddable":true,"href":"https:\/\/radiopoloniawinnipeg.com\/index.php\/wp-json\/wp\/v2\/media\/948"}],"wp:attachment":[{"href":"https:\/\/radiopoloniawinnipeg.com\/index.php\/wp-json\/wp\/v2\/media?parent=947"}],"wp:term":[{"taxonomy":"category","embeddable":true,"href":"https:\/\/radiopoloniawinnipeg.com\/index.php\/wp-json\/wp\/v2\/categories?post=947"},{"taxonomy":"post_tag","embeddable":true,"href":"https:\/\/radiopoloniawinnipeg.com\/index.php\/wp-json\/wp\/v2\/tags?post=947"}],"curies":[{"name":"wp","href":"https:\/\/api.w.org\/{rel}","templated":true}]}}