{"id":949,"date":"2025-04-26T11:15:02","date_gmt":"2025-04-26T15:15:02","guid":{"rendered":"https:\/\/radiopoloniawinnipeg.com\/index.php\/2025\/04\/26\/kanada-wielkie-oczekiwania-i-wielkie-rozczarowania\/"},"modified":"2025-04-26T11:15:02","modified_gmt":"2025-04-26T15:15:02","slug":"kanada-wielkie-oczekiwania-i-wielkie-rozczarowania","status":"publish","type":"post","link":"https:\/\/radiopoloniawinnipeg.com\/index.php\/2025\/04\/26\/kanada-wielkie-oczekiwania-i-wielkie-rozczarowania\/","title":{"rendered":"Kanada &#8211; wielkie oczekiwania i wielkie rozczarowania"},"content":{"rendered":"<p>Jhoey Dulaca podczas pracy dla Migrant Workers Alliance for Change, grupy walcz\u0105cej o prawa migrant\u00f3w w Ontario. W 2010 roku Julia przyjecha\u0142a do Kanady w ramach dawnego programu opiekun\u00f3w domowych, kt\u00f3ry umo\u017cliwia\u0142 imigrantom ubieganie si\u0119 o sta\u0142y pobyt po dw\u00f3ch latach pracy u jednego pracodawcy. Pi\u0119tna\u015bcie lat p\u00f3\u017aniej Julia straci\u0142a sw\u00f3j status imigracyjny. Na pro\u015bb\u0119 Julii, dziennikarze OMNI News nie ujawniaj\u0105 jej prawdziwego nazwiska ze wzgl\u0119du na jej obecny status. Chocia\u017c warunki zatrudnienia wydawa\u0142y si\u0119 proste, wielu opiekun\u00f3w marz\u0105cych o sta\u0142ym pobycie w Kanadzie, jak Julia, napotka\u0142o na swojej drodze liczne przeszkody i trudne realia. Po niemal dekadzie bez statusu Julia przyznaje, \u017ce jej kanadyjskie marzenie o sta\u0142ym pobycie coraz bardziej si\u0119 oddala. Program opiekunek domowych: niewidoczne pu\u0142apki Dla Julii wci\u0105\u017c nie jest jasne, dlaczego Immigration, Refugees and Citizenship Canada (IRCC) odrzuci\u0142o jej wniosek o sta\u0142y pobyt w 2012 roku. \u2013 Powiedziano mi jedynie, \u017ce musz\u0119 przedstawi\u0107 dow\u00f3d 24 miesi\u0119cy do\u015bwiadczenia zawodowego w uk\u0142adzie miesi\u0119cznym lub godzinowym \u2013 m\u00f3wi Julia. \u2013 Przekaza\u0142am moj\u0105 ocen\u0119 podatkow\u0105 jako dow\u00f3d, ale otrzyma\u0142am jedynie list odmowny, bez wskazania, jakie dodatkowe dokumenty powinnam dostarczy\u0107. Od tamtej pory Julia stara si\u0119 odzyska\u0107 legalny status. Kiedy og\u0142oszono nowy program pilota\u017cowy dla pracownik\u00f3w opieki domowej z miejscami zarezerwowanymi dla os\u00f3b bez statusu, pojawi\u0142a si\u0119 nadzieja. Jednak program, uruchomiony 31 marca 2025 r., szybko zamkni\u0119to po osi\u0105gni\u0119ciu limitu przyj\u0119\u0107, kt\u00f3ry w kategorii os\u00f3b bez statusu wynosi\u0142 zaledwie 150 miejsc. \u2013 Mam nadziej\u0119, \u017ce w ko\u0144cu dostaniemy szans\u0119 na uczciw\u0105 walk\u0119 \u2013 m\u00f3wi Julia. \u2013 Z ka\u017cdej strony wygl\u0105damy na przegranych. System \u201epro-pracodawczy&#8221; a realia nadu\u017cy\u0107 Jhoey Dulaca widoczna na zdj\u0119ciu z 2016 roku. \u2013 M\u00f3wicie, \u017ce nas potrzebujecie, \u017ce jeste\u015bmy niezb\u0119dni, ale czy naprawd\u0119 si\u0119 o nas troszczycie? \u2013 pyta Jhoey Dulaca, by\u0142a opiekunka, dzi\u015b dzia\u0142aczka Migrant Workers Alliance for Change w Ontario. Dulaca przyjecha\u0142a do Kanady w 2016 roku w ramach programu Live-In Caregiver Program Labour Market Impact Assessment (LMIA) Stream. Sama niemal straci\u0142a status po odej\u015bciu od pracodawcy, kt\u00f3ry dopuszcza\u0142 si\u0119 wobec niej nadu\u017cy\u0107. \u2013 Pracowa\u0142am od si\u00f3dmej rano do p\u00f3\u017anej nocy, czasem nawet 15 godzin, a p\u0142acono mi tylko za siedem \u2013 wspomina. \u2013 By\u0142am poni\u017cana i obra\u017cana. W ko\u0144cu nie wytrzyma\u0142am i odesz\u0142am. Jecris Tubigon, kanadyjski konsultant ds. imigracji, zauwa\u017ca, \u017ce dla wielu opiekun\u00f3w odej\u015bcie od przemocowego pracodawcy jest trudne, poniewa\u017c sta\u0142y pobyt i mo\u017cliwo\u015b\u0107 sprowadzenia rodziny pozostaj\u0105 dla nich priorytetem. \u2013 Nie chc\u0105 narobi\u0107 zamieszania \u2013 m\u00f3wi Tubigon. \u2013 Niezale\u017cnie od tego, jak fatalne s\u0105 warunki pracy. Tubigon podkre\u015bla, \u017ce kanadyjskie programy imigracyjne \u2013 zar\u00f3wno w przesz\u0142o\u015bci, jak i obecnie \u2013 cz\u0119sto faworyzowa\u0142y pracodawc\u00f3w kosztem pracownik\u00f3w. Fa\u0142szywe obietnice \u0142\u0105czenia rodzin Maila Casido jest widoczna ze swoj\u0105 rodzin\u0105. Maila Casido przyjecha\u0142a do Kanady w 2013 roku jako opiekunka. Po spe\u0142nieniu warunk\u00f3w pracy z\u0142o\u017cy\u0142a wniosek o sta\u0142y pobyt, marz\u0105c o sprowadzeniu do Kanady swojego m\u0119\u017ca i sze\u015bciorga dzieci. Jednak jej wniosek utkn\u0105\u0142 w kolejce, a marzenie o ponownym spotkaniu z rodzin\u0105 odwleka\u0142o si\u0119 latami. \u2013 Kiedy us\u0142ysza\u0142am, \u017ce m\u00f3j wniosek trafi\u0142 do backlogu, poczu\u0142am, jakby \u015bwiat si\u0119 zawali\u0142 \u2013 wspomina Casido. Przez siedem lat bezskutecznie pr\u00f3bowa\u0142a uzyska\u0107 pomoc polityk\u00f3w. Dopiero po tym czasie jej wniosek zosta\u0142 zatwierdzony, a Casido mog\u0142a na nowo po\u0142\u0105czy\u0107 si\u0119 z rodzin\u0105. \u2013 Kiedy zobaczy\u0142am dzieci na lotnisku, by\u0142am w szoku \u2013 m\u00f3wi. \u2013 Nie by\u0142y ju\u017c dzie\u0107mi. By\u0142y doros\u0142ymi lud\u017ami. Apel o sta\u0142e rozwi\u0105zania zamiast program\u00f3w pilota\u017cowych W rozmowach z OMNI News opiekunowie i ich rzecznicy wyra\u017caj\u0105 frustracj\u0119 wobec najnowszego programu pilota\u017cowego Home Care Worker Immigration, kt\u00f3ry ich zdaniem dawa\u0142 fa\u0142szywe nadzieje. Cho\u0107 program oferowa\u0142 ni\u017csze wymagania dotycz\u0105ce wykszta\u0142cenia i j\u0119zyka, jego \u015bcis\u0142e limity i problemy z aplikacj\u0105 spowodowa\u0142y, \u017ce wielu kandydat\u00f3w nie mia\u0142o szans na udzia\u0142. \u2013 Nap\u0142yn\u0119\u0142a ogromna liczba wniosk\u00f3w, a wielu by\u0142o rozczarowanych i sfrustrowanych \u2013 m\u00f3wi Tubigon. \u2013 Czy rozwi\u0105zano problem utraty statusu przez opiekun\u00f3w? Nie. Po prostu zwi\u0119kszono liczb\u0119 os\u00f3b dotkni\u0119tych problemem. Pomimo licznych tymczasowych program\u00f3w i \u015bcie\u017cek, tysi\u0105ce opiekun\u00f3w wci\u0105\u017c pozostaje w zawieszeniu, uzale\u017cnionych od zmieniaj\u0105cych si\u0119 polityk imigracyjnych. Tubigon podkre\u015bla, \u017ce klimat polityczny w Kanadzie ma ogromny wp\u0142yw na kszta\u0142t program\u00f3w imigracyjnych. Casido apeluje o bardziej sprawiedliwe podej\u015bcie: \u2013 Najpierw rozpatrzmy wnioski os\u00f3b, kt\u00f3re czekaj\u0105 od lat, a dopiero potem uruchamiajmy nowe programy \u2013 m\u00f3wi. \u2013 Tak, aby nikt nie zosta\u0142 pomini\u0119ty. W obliczu nadchodz\u0105cych wybor\u00f3w opiekunowie i ich obro\u0144cy maj\u0105 nadziej\u0119, \u017ce nowy rz\u0105d skupi si\u0119 na realizacji niespe\u0142nionych dot\u0105d obietnic i gruntownej reformie istniej\u0105cych program\u00f3w. Julia, od dziewi\u0119ciu lat \u017cyj\u0105ca w Kanadzie bez statusu, nie traci nadziei, \u017ce jej kampania \u201eStatus for All\u201d w ko\u0144cu zostanie us\u0142yszana. Z ut\u0119sknieniem wyczekuje dnia, w kt\u00f3rym oficjalnie zostanie sta\u0142\u0105 rezydentk\u0105 kraju, kt\u00f3ry od dawna pragnie nazywa\u0107 swoim domem. Na podst. OmniNews<\/p>\n","protected":false},"excerpt":{"rendered":"<p>Jhoey Dulaca podczas pracy dla Migrant Workers Alliance for Change, grupy walcz\u0105cej o prawa migrant\u00f3w w Ontario. W 2010 roku Julia przyjecha\u0142a do Kanady w&hellip;<\/p>\n","protected":false},"author":3,"featured_media":950,"comment_status":"open","ping_status":"open","sticky":false,"template":"","format":"standard","meta":{"footnotes":""},"categories":[12,18],"tags":[],"class_list":["post-949","post","type-post","status-publish","format-standard","has-post-thumbnail","hentry","category-kanada","category-top-news"],"_links":{"self":[{"href":"https:\/\/radiopoloniawinnipeg.com\/index.php\/wp-json\/wp\/v2\/posts\/949","targetHints":{"allow":["GET"]}}],"collection":[{"href":"https:\/\/radiopoloniawinnipeg.com\/index.php\/wp-json\/wp\/v2\/posts"}],"about":[{"href":"https:\/\/radiopoloniawinnipeg.com\/index.php\/wp-json\/wp\/v2\/types\/post"}],"author":[{"embeddable":true,"href":"https:\/\/radiopoloniawinnipeg.com\/index.php\/wp-json\/wp\/v2\/users\/3"}],"replies":[{"embeddable":true,"href":"https:\/\/radiopoloniawinnipeg.com\/index.php\/wp-json\/wp\/v2\/comments?post=949"}],"version-history":[{"count":0,"href":"https:\/\/radiopoloniawinnipeg.com\/index.php\/wp-json\/wp\/v2\/posts\/949\/revisions"}],"wp:featuredmedia":[{"embeddable":true,"href":"https:\/\/radiopoloniawinnipeg.com\/index.php\/wp-json\/wp\/v2\/media\/950"}],"wp:attachment":[{"href":"https:\/\/radiopoloniawinnipeg.com\/index.php\/wp-json\/wp\/v2\/media?parent=949"}],"wp:term":[{"taxonomy":"category","embeddable":true,"href":"https:\/\/radiopoloniawinnipeg.com\/index.php\/wp-json\/wp\/v2\/categories?post=949"},{"taxonomy":"post_tag","embeddable":true,"href":"https:\/\/radiopoloniawinnipeg.com\/index.php\/wp-json\/wp\/v2\/tags?post=949"}],"curies":[{"name":"wp","href":"https:\/\/api.w.org\/{rel}","templated":true}]}}