{"id":951,"date":"2025-04-26T12:15:05","date_gmt":"2025-04-26T16:15:05","guid":{"rendered":"https:\/\/radiopoloniawinnipeg.com\/index.php\/2025\/04\/26\/prezydent-litwy-ostrzega-przed-bomba-z-opoznionym-zaplonem\/"},"modified":"2025-04-26T12:15:05","modified_gmt":"2025-04-26T16:15:05","slug":"prezydent-litwy-ostrzega-przed-bomba-z-opoznionym-zaplonem","status":"publish","type":"post","link":"https:\/\/radiopoloniawinnipeg.com\/index.php\/2025\/04\/26\/prezydent-litwy-ostrzega-przed-bomba-z-opoznionym-zaplonem\/","title":{"rendered":"Prezydent Litwy ostrzega przed \u201ebomb\u0105 z op\u00f3\u017anionym zap\u0142onem&#8221;"},"content":{"rendered":"<p>Prezydent Litwy Gitanas Nauseda Prezydent Litwy Gitanas Nauseda ostrzeg\u0142, \u017ce uznanie Krymu za cz\u0119\u015b\u0107 Rosji by\u0142oby \u201ebomb\u0105 z op\u00f3\u017anionym zap\u0142onem&#8221;, kt\u00f3rej konsekwencje odczuwaliby\u015bmy przez d\u0142ugi czas. \u2013 Je\u015bli zrobimy to, co proponuje Waszyngton, i uznamy Krym za rosyjski, b\u0119dzie to bomba z op\u00f3\u017anionym zap\u0142onem, kt\u00f3ra b\u0119dzie wybucha\u0107 ca\u0142y czas \u2013 powiedzia\u0142 Nauseda, podkre\u015blaj\u0105c, \u017ce \u201eto jest czerwona linia, kt\u00f3rej nie mo\u017cna przekroczy\u0107&#8221;. Prezydent Litwy zaznaczy\u0142, \u017ce w kwestii przysz\u0142o\u015bci Krymu decyduj\u0105ce zdanie powinna mie\u0107 Ukraina, jako pa\u0144stwo zaatakowane przez Rosj\u0119. Przypomnia\u0142, \u017ce ukrai\u0144ski prezydent Wo\u0142odymyr Ze\u0142enski konsekwentnie sprzeciwia si\u0119 uznaniu aneksji Krymu i \u017ce Litwa w pe\u0142ni popiera jego stanowisko. \u2013 Rozumiem Ze\u0142enskiego doskonale. Tylko takie stanowisko b\u0119dzie zrozumia\u0142e dla narodu ukrai\u0144skiego \u2013 oceni\u0142 Nauseda. USA proponuj\u0105 zamro\u017cenie konfliktu i uznanie aneksji Krymu Propozycja uznania aneksji Krymu oraz zamro\u017cenia walk wzd\u0142u\u017c obecnej linii frontu jest cz\u0119\u015bci\u0105 planu pokojowego prezydenta USA Donalda Trumpa, przedstawionego Ukrainie i jej europejskim sojusznikom. Ze\u0142enski od pocz\u0105tku zdecydowanie odrzuca mo\u017cliwo\u015b\u0107 formalnego oddania Krymu Rosji. Wed\u0142ug niego wszelkie dyskusje na temat statusu okupowanego od 2014 roku p\u00f3\u0142wyspu i innych zaj\u0119tych terytori\u00f3w Ukrainy s\u0105 korzystne dla Moskwy i s\u0142u\u017c\u0105 przed\u0142u\u017caniu konfliktu. Trump naciska na szybkie zako\u0144czenie wojny W ubieg\u0142ym tygodniu Donald Trump zasugerowa\u0142, \u017ce Stany Zjednoczone mog\u0105 wycofa\u0107 si\u0119 z rozm\u00f3w pokojowych, je\u015bli jedna ze stron b\u0119dzie utrudnia\u0107 osi\u0105gni\u0119cie porozumienia. \u2013 Mam nadziej\u0119, \u017ce do tego nie dojdzie. Wierz\u0119, \u017ce mamy wszelkie szanse na rozwi\u0105zanie tej sytuacji \u2013 powiedzia\u0142. Tymczasem Kreml zakomunikowa\u0142, \u017ce w najbli\u017cszym czasie nie nale\u017cy spodziewa\u0107 si\u0119 porozumienia w sprawie zawieszenia broni. Rzecznik Dmitrij Pieskow wyja\u015bni\u0142, \u017ce \u201etemat jest na tyle z\u0142o\u017cony, i\u017c nie warto wyznacza\u0107 \u015bcis\u0142ych ram czasowych dla osi\u0105gni\u0119cia realnego rozwi\u0105zania\u201d.<\/p>\n","protected":false},"excerpt":{"rendered":"<p>Prezydent Litwy Gitanas Nauseda Prezydent Litwy Gitanas Nauseda ostrzeg\u0142, \u017ce uznanie Krymu za cz\u0119\u015b\u0107 Rosji by\u0142oby \u201ebomb\u0105 z op\u00f3\u017anionym zap\u0142onem&#8221;, kt\u00f3rej konsekwencje odczuwaliby\u015bmy przez d\u0142ugi&hellip;<\/p>\n","protected":false},"author":3,"featured_media":952,"comment_status":"open","ping_status":"open","sticky":false,"template":"","format":"standard","meta":{"footnotes":""},"categories":[15,18],"tags":[],"class_list":["post-951","post","type-post","status-publish","format-standard","has-post-thumbnail","hentry","category-swiat","category-top-news"],"_links":{"self":[{"href":"https:\/\/radiopoloniawinnipeg.com\/index.php\/wp-json\/wp\/v2\/posts\/951","targetHints":{"allow":["GET"]}}],"collection":[{"href":"https:\/\/radiopoloniawinnipeg.com\/index.php\/wp-json\/wp\/v2\/posts"}],"about":[{"href":"https:\/\/radiopoloniawinnipeg.com\/index.php\/wp-json\/wp\/v2\/types\/post"}],"author":[{"embeddable":true,"href":"https:\/\/radiopoloniawinnipeg.com\/index.php\/wp-json\/wp\/v2\/users\/3"}],"replies":[{"embeddable":true,"href":"https:\/\/radiopoloniawinnipeg.com\/index.php\/wp-json\/wp\/v2\/comments?post=951"}],"version-history":[{"count":0,"href":"https:\/\/radiopoloniawinnipeg.com\/index.php\/wp-json\/wp\/v2\/posts\/951\/revisions"}],"wp:featuredmedia":[{"embeddable":true,"href":"https:\/\/radiopoloniawinnipeg.com\/index.php\/wp-json\/wp\/v2\/media\/952"}],"wp:attachment":[{"href":"https:\/\/radiopoloniawinnipeg.com\/index.php\/wp-json\/wp\/v2\/media?parent=951"}],"wp:term":[{"taxonomy":"category","embeddable":true,"href":"https:\/\/radiopoloniawinnipeg.com\/index.php\/wp-json\/wp\/v2\/categories?post=951"},{"taxonomy":"post_tag","embeddable":true,"href":"https:\/\/radiopoloniawinnipeg.com\/index.php\/wp-json\/wp\/v2\/tags?post=951"}],"curies":[{"name":"wp","href":"https:\/\/api.w.org\/{rel}","templated":true}]}}