{"id":971,"date":"2025-04-28T08:15:05","date_gmt":"2025-04-28T12:15:05","guid":{"rendered":"https:\/\/radiopoloniawinnipeg.com\/index.php\/2025\/04\/28\/putin-dziekuje-kim-dzong-unowi-za-udzial-w-wojnie-z-ukraina\/"},"modified":"2025-04-28T08:15:05","modified_gmt":"2025-04-28T12:15:05","slug":"putin-dziekuje-kim-dzong-unowi-za-udzial-w-wojnie-z-ukraina","status":"publish","type":"post","link":"https:\/\/radiopoloniawinnipeg.com\/index.php\/2025\/04\/28\/putin-dziekuje-kim-dzong-unowi-za-udzial-w-wojnie-z-ukraina\/","title":{"rendered":"Putin dzi\u0119kuje Kim Dzong Unowi za udzia\u0142 w wojnie z Ukrain\u0105"},"content":{"rendered":"<p>Kim z \u017c\u00f3lnierzami maj\u0105cymi pojecha\u0107 na wojn\u0119 na Ukrainie. Korea P\u00f3\u0142nocna oficjalnie potwierdzi\u0142a wys\u0142anie swoich \u017co\u0142nierzy na front wojny rosyjsko-ukrai\u0144skiej. W odpowiedzi prezydent Rosji W\u0142adimir Putin wyrazi\u0142 wdzi\u0119czno\u015b\u0107 przyw\u00f3dcy Korei P\u00f3\u0142nocnej, Kim Dzong Unowi, za wsparcie militarne. W oficjalnym komunikacie Kremla podkre\u015blono \u201ebohaterstwo\u201d i \u201ewysoki poziom wyszkolenia\u201d p\u00f3\u0142nocnokorea\u0144skich \u017co\u0142nierzy. \u2013 Jeste\u015bmy szczerze wdzi\u0119czni \u2013 osobi\u015bcie towarzyszowi Kim Dzong Unowi, ca\u0142emu kierownictwu i narodowi Korei P\u00f3\u0142nocnej \u2013 przekazano w o\u015bwiadczeniu. Pjongjang: \u201eZaszczyt by\u0107 sojusznikiem Rosji\u201d P\u00f3\u0142nocnokorea\u0144ska agencja KCNA poinformowa\u0142a, \u017ce \u017co\u0142nierze zostali wys\u0142ani na front na osobisty rozkaz Kim Dzong Una. W komunikacie podkre\u015blono, \u017ce ich \u201ewysi\u0142ek wojenny zako\u0144czy\u0142 si\u0119 zwyci\u0119sko\u201d oraz \u017ce decyzja o wsparciu Rosji jest konsekwencj\u0105 ubieg\u0142orocznego porozumienia o wszechstronnym partnerstwie strategicznym, zawartego mi\u0119dzy Kim Dzong Unem a W\u0142adimirem Putinem. Pjongjang o\u015bwiadczy\u0142 r\u00f3wnie\u017c, \u017ce traktuje udzia\u0142 w sojuszu z Rosj\u0105 jako \u201ezaszczyt\u201d. Nowy pakt wojskowy Rosji i Korei P\u00f3\u0142nocnej W czerwcu ubieg\u0142ego roku Rosja i Korea P\u00f3\u0142nocna podpisa\u0142y porozumienie o wszechstronnym partnerstwie strategicznym, kt\u00f3re w pa\u017adzierniku ratyfikowa\u0142a Duma Pa\u0144stwowa, a w listopadzie zatwierdzi\u0142a Rada Federacji. Cho\u0107 oficjalne dokumenty unikaj\u0105 u\u017cycia okre\u015blenia \u201esojusz wojskowy\u201d, w praktyce umowa przewiduje \u015bcis\u0142\u0105 wsp\u00f3\u0142prac\u0119 wojskow\u0105. Zgodnie z jej zapisami, w przypadku ataku na jedn\u0105 ze stron, druga zobowi\u0105zana jest do niezw\u0142ocznego udzielenia wsparcia militarnego oraz innego rodzaju pomocy. Dodatkowo, w sytuacji zagro\u017cenia bezpiecze\u0144stwa, obie strony zobowi\u0105zuj\u0105 si\u0119 do wsp\u00f3lnych konsultacji i podejmowania solidarnego dzia\u0142ania w celu \u201eneutralizacji zagro\u017cenia\u201d. Na podst. PANowosti, AP<\/p>\n","protected":false},"excerpt":{"rendered":"<p>Kim z \u017c\u00f3lnierzami maj\u0105cymi pojecha\u0107 na wojn\u0119 na Ukrainie. Korea P\u00f3\u0142nocna oficjalnie potwierdzi\u0142a wys\u0142anie swoich \u017co\u0142nierzy na front wojny rosyjsko-ukrai\u0144skiej. W odpowiedzi prezydent Rosji W\u0142adimir&hellip;<\/p>\n","protected":false},"author":3,"featured_media":972,"comment_status":"open","ping_status":"open","sticky":false,"template":"","format":"standard","meta":{"footnotes":""},"categories":[15,18],"tags":[],"class_list":["post-971","post","type-post","status-publish","format-standard","has-post-thumbnail","hentry","category-swiat","category-top-news"],"_links":{"self":[{"href":"https:\/\/radiopoloniawinnipeg.com\/index.php\/wp-json\/wp\/v2\/posts\/971","targetHints":{"allow":["GET"]}}],"collection":[{"href":"https:\/\/radiopoloniawinnipeg.com\/index.php\/wp-json\/wp\/v2\/posts"}],"about":[{"href":"https:\/\/radiopoloniawinnipeg.com\/index.php\/wp-json\/wp\/v2\/types\/post"}],"author":[{"embeddable":true,"href":"https:\/\/radiopoloniawinnipeg.com\/index.php\/wp-json\/wp\/v2\/users\/3"}],"replies":[{"embeddable":true,"href":"https:\/\/radiopoloniawinnipeg.com\/index.php\/wp-json\/wp\/v2\/comments?post=971"}],"version-history":[{"count":0,"href":"https:\/\/radiopoloniawinnipeg.com\/index.php\/wp-json\/wp\/v2\/posts\/971\/revisions"}],"wp:featuredmedia":[{"embeddable":true,"href":"https:\/\/radiopoloniawinnipeg.com\/index.php\/wp-json\/wp\/v2\/media\/972"}],"wp:attachment":[{"href":"https:\/\/radiopoloniawinnipeg.com\/index.php\/wp-json\/wp\/v2\/media?parent=971"}],"wp:term":[{"taxonomy":"category","embeddable":true,"href":"https:\/\/radiopoloniawinnipeg.com\/index.php\/wp-json\/wp\/v2\/categories?post=971"},{"taxonomy":"post_tag","embeddable":true,"href":"https:\/\/radiopoloniawinnipeg.com\/index.php\/wp-json\/wp\/v2\/tags?post=971"}],"curies":[{"name":"wp","href":"https:\/\/api.w.org\/{rel}","templated":true}]}}