{"id":973,"date":"2025-04-28T09:15:02","date_gmt":"2025-04-28T13:15:02","guid":{"rendered":"https:\/\/radiopoloniawinnipeg.com\/index.php\/2025\/04\/28\/tragedia-w-vancouver-smutek-i-proba-rozliczen\/"},"modified":"2025-04-28T09:15:02","modified_gmt":"2025-04-28T13:15:02","slug":"tragedia-w-vancouver-smutek-i-proba-rozliczen","status":"publish","type":"post","link":"https:\/\/radiopoloniawinnipeg.com\/index.php\/2025\/04\/28\/tragedia-w-vancouver-smutek-i-proba-rozliczen\/","title":{"rendered":"Tragedia w Vancouver \u2013 smutek i pr\u00f3ba rozlicze\u0144"},"content":{"rendered":"<p>Vancouver pogr\u0105\u017cone jest w \u017ca\u0142obie po tragedii, do kt\u00f3rej dosz\u0142o w sobotni wiecz\u00f3r podczas Lapu-Lapu Day Block Party, wydarzenia organizowanego przez lokaln\u0105 spo\u0142eczno\u015b\u0107 filipi\u0144sk\u0105. W wyniku celowego wjazdu samochodem w t\u0142um zgin\u0119\u0142o 11 os\u00f3b, w tym 5-letnie dziecko, a dziesi\u0105tki uczestnik\u00f3w zosta\u0142o rannych \u2013 niekt\u00f3rzy walcz\u0105 o \u017cycie w szpitalach. Policja w Vancouver poinformowa\u0142a, \u017ce podejrzany, 30-letni Adam Kai-Ji Lo, zosta\u0142 zatrzymany na miejscu zdarzenia. M\u0119\u017cczyzna us\u0142ysza\u0142 ju\u017c osiem zarzut\u00f3w morderstwa drugiego stopnia, a funkcjonariusze zapowiadaj\u0105 kolejne oskar\u017cenia. Zast\u0119pca szefa policji Steve Rai przekaza\u0142, \u017ce Lo mia\u0142 w przesz\u0142o\u015bci liczne kontakty z policj\u0105 i s\u0142u\u017cbami zdrowia w zwi\u0105zku z problemami psychicznymi. Dokumenty s\u0105dowe ujawniaj\u0105, \u017ce Lo prze\u017cy\u0142 osobist\u0105 tragedi\u0119: w styczniu 2024 roku straci\u0142 brata w wyniku zab\u00f3jstwa, a kilka miesi\u0119cy p\u00f3\u017aniej jego matka podj\u0119\u0142a pr\u00f3b\u0119 samob\u00f3jcz\u0105. W obu przypadkach Lo organizowa\u0142 zbi\u00f3rki pieni\u0119dzy, by pokry\u0107 koszty pogrzebu i leczenia. Atak podczas rodzinnego \u015bwi\u0119ta Dramatyczne wydarzenia rozegra\u0142y si\u0119 tu\u017c po godzinie 20:00 w rejonie East 43rd Avenue i Fraser Street. Wed\u0142ug policji, czarny SUV marki Audi wjecha\u0142 od zachodu na zamkni\u0119ty teren festiwalu, przeje\u017cd\u017caj\u0105c przez niewielki t\u0142um zgromadzonych os\u00f3b. W chwili ataku wci\u0105\u017c obecnych by\u0142o na miejscu setki uczestnik\u00f3w, mimo \u017ce oficjalne zako\u0144czenie imprezy planowano na t\u0119 godzin\u0119. \u015awiadkowie opisuj\u0105 sceny pe\u0142ne chaosu i przera\u017cenia. Wiele os\u00f3b zosta\u0142o rzuconych na ziemi\u0119, a na ulicy le\u017ca\u0142y ofiary \u2013 niekt\u00f3re martwe, inne ci\u0119\u017cko ranne. Najci\u0119\u017cej poszkodowanych przewieziono karetkami do dziewi\u0119ciu r\u00f3\u017cnych szpitali w Metro Vancouver. Zanim na miejsce przybyli funkcjonariusze Vancouver Police Department, sprawca zosta\u0142 obezw\u0142adniony przez \u015bwiadk\u00f3w i uczestnik\u00f3w festiwalu, kt\u00f3rzy uniemo\u017cliwili mu ucieczk\u0119 pieszo. W\u0142adze: to nie by\u0142 akt terroryzmu Zast\u0119pca szefa policji Steve Rai zaznaczy\u0142, \u017ce cho\u0107 motyw dzia\u0142ania sprawcy wci\u0105\u017c nie zosta\u0142 ustalony, dowody nie wskazuj\u0105, by by\u0142o to zdarzenie o charakterze terrorystycznym. Obecnie w spraw\u0119 zaanga\u017cowanych jest ponad 100 \u015bledczych. W\u0142adze zapowiadaj\u0105 pe\u0142ne wyja\u015bnienie okoliczno\u015bci tragedii, w tym ocen\u0119 dzia\u0142a\u0144 zabezpieczaj\u0105cych imprez\u0119. Pytania o bezpiecze\u0144stwo W\u0142adze miasta Vancouver poinformowa\u0142y, \u017ce impreza zosta\u0142a wcze\u015bniej sklasyfikowana jako \u201ewydarzenie rodzinne o niskim ryzyku\u201d. Nie przewidziano wi\u0119c dodatkowych zabezpiecze\u0144 w postaci barykad czy obecno\u015bci dedykowanych funkcjonariuszy policji. Jak podkre\u015bli\u0142 Rai, zar\u00f3wno w roku bie\u017c\u0105cym, jak i podczas poprzedniej edycji festiwalu nie odnotowano \u017cadnych incydent\u00f3w. Jednak po tragedii burmistrz Ken Sim zarz\u0105dzi\u0142 przegl\u0105d procedur bezpiecze\u0144stwa dla wszystkich miejskich wydarze\u0144. \u2013 To najciemniejszy dzie\u0144 w historii naszego miasta \u2013 powiedzia\u0142 Rai. \u2013 Dzia\u0142ania jednej osoby zniszczy\u0142y poczucie bezpiecze\u0144stwa nie tylko naszej filipi\u0144skiej spo\u0142eczno\u015bci, ale ca\u0142ego Vancouver. Filipi\u0144czycy gromadz\u0105 si\u0119 w ko\u015bcio\u0142ach, by modli\u0107 si\u0119 za zmar\u0142ych. G\u0142osy \u017calu i solidarno\u015bci Premier Kanady Mark Carney wyrazi\u0142 g\u0142\u0119boki \u017cal i zapewni\u0142, \u017ce rz\u0105d federalny jest got\u00f3w wesprze\u0107 mieszka\u0144c\u00f3w Vancouver. W niedziel\u0119 odwo\u0142a\u0142 zaplanowane wydarzenia kampanijne i spotka\u0142 si\u0119 z premierem Kolumbii Brytyjskiej Davidem Ebym oraz burmistrzem Kenem Simem. Premier Eby, kt\u00f3ry kilka godzin przed tragedi\u0105 uczestniczy\u0142 w festiwalu wraz z c\u00f3rk\u0105, nie kry\u0142 wzruszenia. Oddaj\u0105c ho\u0142d spo\u0142eczno\u015bci filipi\u0144skiej, powiedzia\u0142: \u2013 To spo\u0142eczno\u015b\u0107, kt\u00f3ra zawsze wspiera\u0142a nasz\u0105 prowincj\u0119 i nasz kraj. Teraz my musimy okaza\u0107 jej wsparcie. Radny Pete Fry okre\u015bli\u0142 sobotnie wydarzenia jako \u201enajgorszy dzie\u0144 w historii miasta\u201d, a kandydat federalny NDP Don Davies m\u00f3wi\u0142 o \u201eprzera\u017caj\u0105cej tragedii\u201d, kt\u00f3ra na zawsze pozostawi \u015blad w lokalnej spo\u0142eczno\u015bci. Relacje \u015bwiadk\u00f3w: dramatyczne sceny chaosu \u015awiadkowie zdarzenia opisywali sceny absolutnego chaosu i rozpaczy. Jedna z uczestniczek, Abigail, m\u00f3wi\u0142a w rozmowie z radiem NewsRadio 1130: \u2013 Us\u0142yszeli\u015bmy huk, krzyki i zobaczyli\u015bmy ludzi le\u017c\u0105cych na ulicy. Widzia\u0142am, jak karetki zabiera\u0142y rannych, w tym ma\u0142e dziecko. To by\u0142o naprawd\u0119 straszne. Inny \u015bwiadek opowiada\u0142, \u017ce samoch\u00f3d wjecha\u0142 w t\u0142um z ogromn\u0105 pr\u0119dko\u015bci\u0105, si\u0119gaj\u0105c\u0105 nawet 90 km\/h, a kierowca pr\u00f3bowa\u0142 uciec z miejsca zdarzenia, przeskakuj\u0105c przez p\u0142ot. Nagrania z miejsca tragedii, udost\u0119pniane w mediach spo\u0142eczno\u015bciowych, pokazuj\u0105 rozrzucone szcz\u0105tki i ofiary, a tak\u017ce czarnego SUV-a Audi ze zniszczonym przodem. Apel o zmiany Burmistrz Vancouver Ken Sim i premier David Eby podkre\u015blali, \u017ce ta tragedia musi sta\u0107 si\u0119 impulsem do zmian w systemie opieki zdrowotnej i bezpiecze\u0144stwa publicznego. \u2013 Je\u015bli cokolwiek ma wynikn\u0105\u0107 z tej tragedii, to musi to by\u0107 zmiana \u2013 podkre\u015bli\u0142 Sim. \u2013 Musimy dzia\u0142a\u0107 ju\u017c teraz, by takie wydarzenia nigdy wi\u0119cej si\u0119 nie powt\u00f3rzy\u0142y. Dzie\u0144 Lapu-Lapu Festiwal Lapu-Lapu Day upami\u0119tnia historycznego bohatera Filipin, kt\u00f3ry w XVI wieku stawi\u0142 op\u00f3r hiszpa\u0144skiej kolonizacji. To wa\u017cne wydarzenie dla filipi\u0144skiej spo\u0142eczno\u015bci w Kanadzie, celebruj\u0105ce dziedzictwo kulturowe i narodow\u0105 dum\u0119. Na podst. Canadian Press, CityNews, CTV News, CBC<\/p>\n","protected":false},"excerpt":{"rendered":"<p>Vancouver pogr\u0105\u017cone jest w \u017ca\u0142obie po tragedii, do kt\u00f3rej dosz\u0142o w sobotni wiecz\u00f3r podczas Lapu-Lapu Day Block Party, wydarzenia organizowanego przez lokaln\u0105 spo\u0142eczno\u015b\u0107 filipi\u0144sk\u0105. W&hellip;<\/p>\n","protected":false},"author":3,"featured_media":974,"comment_status":"open","ping_status":"open","sticky":false,"template":"","format":"standard","meta":{"footnotes":""},"categories":[12,18],"tags":[],"class_list":["post-973","post","type-post","status-publish","format-standard","has-post-thumbnail","hentry","category-kanada","category-top-news"],"_links":{"self":[{"href":"https:\/\/radiopoloniawinnipeg.com\/index.php\/wp-json\/wp\/v2\/posts\/973","targetHints":{"allow":["GET"]}}],"collection":[{"href":"https:\/\/radiopoloniawinnipeg.com\/index.php\/wp-json\/wp\/v2\/posts"}],"about":[{"href":"https:\/\/radiopoloniawinnipeg.com\/index.php\/wp-json\/wp\/v2\/types\/post"}],"author":[{"embeddable":true,"href":"https:\/\/radiopoloniawinnipeg.com\/index.php\/wp-json\/wp\/v2\/users\/3"}],"replies":[{"embeddable":true,"href":"https:\/\/radiopoloniawinnipeg.com\/index.php\/wp-json\/wp\/v2\/comments?post=973"}],"version-history":[{"count":0,"href":"https:\/\/radiopoloniawinnipeg.com\/index.php\/wp-json\/wp\/v2\/posts\/973\/revisions"}],"wp:featuredmedia":[{"embeddable":true,"href":"https:\/\/radiopoloniawinnipeg.com\/index.php\/wp-json\/wp\/v2\/media\/974"}],"wp:attachment":[{"href":"https:\/\/radiopoloniawinnipeg.com\/index.php\/wp-json\/wp\/v2\/media?parent=973"}],"wp:term":[{"taxonomy":"category","embeddable":true,"href":"https:\/\/radiopoloniawinnipeg.com\/index.php\/wp-json\/wp\/v2\/categories?post=973"},{"taxonomy":"post_tag","embeddable":true,"href":"https:\/\/radiopoloniawinnipeg.com\/index.php\/wp-json\/wp\/v2\/tags?post=973"}],"curies":[{"name":"wp","href":"https:\/\/api.w.org\/{rel}","templated":true}]}}