{"id":975,"date":"2025-04-28T10:00:06","date_gmt":"2025-04-28T14:00:06","guid":{"rendered":"https:\/\/radiopoloniawinnipeg.com\/index.php\/2025\/04\/28\/tu-jest-polska-narodowy-marsz-zycia-w-warszawie\/"},"modified":"2025-04-28T10:00:06","modified_gmt":"2025-04-28T14:00:06","slug":"tu-jest-polska-narodowy-marsz-zycia-w-warszawie","status":"publish","type":"post","link":"https:\/\/radiopoloniawinnipeg.com\/index.php\/2025\/04\/28\/tu-jest-polska-narodowy-marsz-zycia-w-warszawie\/","title":{"rendered":"\u201eTu jest Polska!\u201d &#8211; Narodowy Marsz \u017bycia w Warszawie"},"content":{"rendered":"<p>W niedziel\u0119 ulicami Warszawy przeszed\u0142 Narodowy Marsz \u017bycia, kt\u00f3ry w tym roku odbywa\u0142 si\u0119 pod has\u0142em \u201eTu jest Polska!\u201d. Uczestnicy manifestowali przywi\u0105zanie do tradycyjnych warto\u015bci, domagaj\u0105c si\u0119 ochrony \u017cycia od pocz\u0119cia, szacunku dla rodziny oraz przypominaj\u0105c o chrze\u015bcija\u0144skich korzeniach Polski. Wydarzenie wpisywa\u0142o si\u0119 r\u00f3wnie\u017c w obchody tysi\u0105clecia koronacji Boles\u0142awa Chrobrego. Marsz rozpocz\u0119\u0142y msze \u015bwi\u0119te w intencji ochrony \u017cycia w archikatedrze \u015bw. Jana Chrzciciela oraz w bazylice katedralnej \u015bw. Micha\u0142a Archanio\u0142a i \u015bw. Floriana M\u0119czennika. Po ich zako\u0144czeniu uczestnicy od\u015bpiewali hymn narodowy i wyruszyli z placu Zamkowego, id\u0105c Traktem Kr\u00f3lewskim w kierunku Parku Marsza\u0142ka Edwarda Rydza-\u015amig\u0142ego. Symboliczne gesty i przes\u0142anie prezydenta Prezydent RP Andrzej Duda przekaza\u0142 uczestnikom marszu bia\u0142o-czerwon\u0105 flag\u0119, symbol narodowej jedno\u015bci. W odczytanym przes\u0142aniu apelowa\u0142: \u2013 Eksponujcie j\u0105 z dum\u0105 i rado\u015bci\u0105 jako manifestacj\u0119 ofiarno\u015bci Polsce oraz wyraz przekona\u0144 i poszanowania najwy\u017cszych warto\u015bci. Prezydent podkre\u015bli\u0142 r\u00f3wnie\u017c wag\u0119 codziennej s\u0142u\u017cby na rzecz ojczyzny oraz potrzeb\u0119 budowania kultury zaufania, prawdy i dobra. Manifestacja w obronie \u017cycia Uczestnicy marszu nie\u015bli liczne bia\u0142o-czerwone flagi oraz transparenty z has\u0142ami: \u201eW obronie \u017cycia\u201d, \u201eKa\u017cdy ma prawo do \u017cycia\u201d, \u201eTylko dla cywilizacji \u017cycia\u201d oraz \u201eB\u00f3g, Honor, Ojczyzna \u2013 kr\u00f3lewski szczep piastowy\u201d. Skandowano tak\u017ce has\u0142a: \u201eTu jest Polska, nie Bruksela, nikt aborcji nie popiera\u201d, \u201eNiech \u017cyje Polska\u201d i \u201ePolska kwitn\u0105ca dzie\u0107mi\u201d. Przypomniano histori\u0119 Stanis\u0142awy Leszczy\u0144skiej, po\u0142o\u017cnej z Auschwitz, kt\u00f3ra odebra\u0142a ponad trzy tysi\u0105ce porod\u00f3w w obozie koncentracyjnym. Zapowiedziano tak\u017ce powstanie jej pomnika przy szpitalu ksi\u0119\u017cnej Anny Mazowieckiej. Wspomniano r\u00f3wnie\u017c o kontrowersyjnym przypadku p\u00f3\u017anej aborcji w Ole\u015bnicy. Organizatorzy marszu podkre\u015blali: \u2013 Jako Polacy chcemy manifestowa\u0107 warto\u015bci: rodzin\u0119 w rozumieniu m\u0105\u017c, \u017cona i dzieci oraz \u017cycie od pocz\u0119cia do naturalnej \u015bmierci. Apel o wierno\u015b\u0107 dziedzictwu pa\u0144stwa polskiego Podczas marszu g\u0142os zabra\u0142 by\u0142y europose\u0142 i wicemarsza\u0142ek Sejmu Marek Jurek, przypominaj\u0105c, \u017ce obowi\u0105zuj\u0105ce prawo zapewnia pe\u0142n\u0105 ochron\u0119 dzieciom zdolnym do prze\u017cycia poza \u0142onem matki. Ostrzeg\u0142 przed dzia\u0142aniami w\u0142adz sprzecznymi z konstytucj\u0105 i wezwa\u0142 do wyboru lider\u00f3w wiernych tradycji pa\u0144stwa polskiego. \u2013 Kiedy w\u0142adze milcz\u0105, musi przem\u00f3wi\u0107 nar\u00f3d \u2013 m\u00f3wi\u0142 Jurek. \u2013 Potrzebujemy przyw\u00f3dc\u00f3w, kt\u00f3rzy b\u0119d\u0105 odwa\u017cnie wykonywa\u0107 swoje obowi\u0105zki wobec pa\u0144stwa i jego dziedzictwa. Tysi\u0105clecie koronacji Boles\u0142awa Chrobrego Marsz zwie\u0144czy\u0142o odczytanie aktu jubileuszowego w tysi\u0105clecie koronacji pierwszego kr\u00f3la Polski. Podkre\u015blono w nim, \u017ce ju\u017c w XI wieku polscy w\u0142adcy zobowi\u0105zali si\u0119 wobec Boga i Ko\u015bcio\u0142a do strze\u017cenia wiary, sprawiedliwo\u015bci i dobra wsp\u00f3lnego. \u2013 Przyj\u0119te w\u00f3wczas obowi\u0105zki s\u0105 nadal powo\u0142aniem pa\u0144stwa polskiego \u2013 g\u0142osi\u0142 akt. Wskazano, \u017ce od przyw\u00f3dc\u00f3w wymaga si\u0119 wiernej realizacji tych zobowi\u0105za\u0144, niezale\u017cnie od prywatnych czy partyjnych interes\u00f3w. Akcentowano potrzeb\u0119 ochrony \u017cycia od pocz\u0119cia, praw wychowawczych rodzic\u00f3w oraz sprzeciw wobec pr\u00f3b ingerencji organizacji mi\u0119dzynarodowych w polski system edukacji i warto\u015bci narodowe. Organizacja i patronat Podczas marszu rozbrzmiewa\u0142 du\u017cy \u201eDzwon Nienarodzonych\u201d, pob\u0142ogos\u0142awiony przez papie\u017ca Franciszka. Organizatorami wydarzenia by\u0142y Fundacja \u015bw. Benedykta, Koalicja dla \u017bycia i Rodziny oraz ponad 30 organizacji partnerskich. Marsz obj\u0105\u0142 honorowym patronatem przewodnicz\u0105cy Konferencji Episkopatu Polski, abp Tadeusz Wojda SAC. B\u0142ogos\u0142awie\u0144stwa udzielili r\u00f3wnie\u017c metropolita warszawski abp Adrian Galbas oraz ordynariusz diecezji warszawsko-praskiej bp Romuald Kami\u0144ski. Pierwszy Narodowy Marsz \u017bycia odby\u0142 si\u0119 w 2019 roku. Na podst. Polsat NewsThis page imported from Bejsment<\/p>\n","protected":false},"excerpt":{"rendered":"<p>W niedziel\u0119 ulicami Warszawy przeszed\u0142 Narodowy Marsz \u017bycia, kt\u00f3ry w tym roku odbywa\u0142 si\u0119 pod has\u0142em \u201eTu jest Polska!\u201d. Uczestnicy manifestowali przywi\u0105zanie do tradycyjnych warto\u015bci,&hellip;<\/p>\n","protected":false},"author":3,"featured_media":976,"comment_status":"open","ping_status":"open","sticky":false,"template":"","format":"standard","meta":{"footnotes":""},"categories":[14,18],"tags":[],"class_list":["post-975","post","type-post","status-publish","format-standard","has-post-thumbnail","hentry","category-polska","category-top-news"],"_links":{"self":[{"href":"https:\/\/radiopoloniawinnipeg.com\/index.php\/wp-json\/wp\/v2\/posts\/975","targetHints":{"allow":["GET"]}}],"collection":[{"href":"https:\/\/radiopoloniawinnipeg.com\/index.php\/wp-json\/wp\/v2\/posts"}],"about":[{"href":"https:\/\/radiopoloniawinnipeg.com\/index.php\/wp-json\/wp\/v2\/types\/post"}],"author":[{"embeddable":true,"href":"https:\/\/radiopoloniawinnipeg.com\/index.php\/wp-json\/wp\/v2\/users\/3"}],"replies":[{"embeddable":true,"href":"https:\/\/radiopoloniawinnipeg.com\/index.php\/wp-json\/wp\/v2\/comments?post=975"}],"version-history":[{"count":0,"href":"https:\/\/radiopoloniawinnipeg.com\/index.php\/wp-json\/wp\/v2\/posts\/975\/revisions"}],"wp:featuredmedia":[{"embeddable":true,"href":"https:\/\/radiopoloniawinnipeg.com\/index.php\/wp-json\/wp\/v2\/media\/976"}],"wp:attachment":[{"href":"https:\/\/radiopoloniawinnipeg.com\/index.php\/wp-json\/wp\/v2\/media?parent=975"}],"wp:term":[{"taxonomy":"category","embeddable":true,"href":"https:\/\/radiopoloniawinnipeg.com\/index.php\/wp-json\/wp\/v2\/categories?post=975"},{"taxonomy":"post_tag","embeddable":true,"href":"https:\/\/radiopoloniawinnipeg.com\/index.php\/wp-json\/wp\/v2\/tags?post=975"}],"curies":[{"name":"wp","href":"https:\/\/api.w.org\/{rel}","templated":true}]}}