{"id":977,"date":"2025-04-28T10:00:08","date_gmt":"2025-04-28T14:00:08","guid":{"rendered":"https:\/\/radiopoloniawinnipeg.com\/index.php\/2025\/04\/28\/partyjni-liderzy-przerwali-kampanie-wyborcze\/"},"modified":"2025-04-28T10:00:08","modified_gmt":"2025-04-28T14:00:08","slug":"partyjni-liderzy-przerwali-kampanie-wyborcze","status":"publish","type":"post","link":"https:\/\/radiopoloniawinnipeg.com\/index.php\/2025\/04\/28\/partyjni-liderzy-przerwali-kampanie-wyborcze\/","title":{"rendered":"Partyjni liderzy przerwali kampanie wyborcze"},"content":{"rendered":"<p>Ca\u0142y kraj jest pogr\u0105\u017cony w smutku. Po tragedii, w kt\u00f3rej w wyniku ataku samochodowego podczas filipi\u0144skiego festiwalu w Vancouver zgin\u0119\u0142o 11 os\u00f3b, a wiele innych zosta\u0142o rannych, przyw\u00f3dcy trzech g\u0142\u00f3wnych partii federalnych zawiesili swoje kampanie wyborcze, by wyrazi\u0107 solidarno\u015b\u0107 z ofiarami i ich rodzinami. Premier Mark Carney, lider Partii Liberalnej, podczas konferencji prasowej w Hamilton w Ontario powiedzia\u0142: \u2013 Wczoraj wieczorem rodziny straci\u0142y siostr\u0119, brata, matk\u0119, ojca, syna lub c\u00f3rk\u0119. Prze\u017cywaj\u0105 najgorszy koszmar, jaki mo\u017cna sobie wyobrazi\u0107. Carney doda\u0142, \u017ce w tych trudnych chwilach wszyscy Kanadyjczycy \u0142\u0105cz\u0105 si\u0119 w \u017ca\u0142obie z mieszka\u0144cami Vancouver. Premier by\u0142 na bie\u017c\u0105co informowany przez ministra bezpiecze\u0144stwa publicznego Davida McGuinty&#8217;ego i doradc\u0119 ds. bezpiecze\u0144stwa narodowego. W mediach spo\u0142eczno\u015bciowych poinformowa\u0142 tak\u017ce o rozmowie z premierem Kolumbii Brytyjskiej Davidem Ebym, kt\u00f3remu przekaza\u0142 kondolencje. \u2013 Departament Policji w Vancouver oraz urz\u0119dnicy miejscy i prowincyjni maj\u0105 pe\u0142ne wsparcie rz\u0105du federalnego w prowadzonych dochodzeniach \u2013 napisa\u0142 Carney. McGuinty kontaktowa\u0142 si\u0119 tak\u017ce z ministrem bezpiecze\u0144stwa publicznego Kolumbii Brytyjskiej, Garrym Beggiem. Premier Eby zapowiedzia\u0142, \u017ce spotka si\u0119 z Carneyem i przedstawicielami lokalnej spo\u0142eczno\u015bci. W niedziel\u0119 zast\u0119pca szefa policji w Vancouver, Steve Rai, poinformowa\u0142, \u017ce aresztowano 30-letniego mieszka\u0144ca Vancouver, kt\u00f3ry w sobot\u0119 wieczorem rozp\u0119dzonym SUV-em wjecha\u0142 w t\u0142um, powoduj\u0105c ogromne zniszczenia i ofiary \u015bmiertelne. Liczba ofiar mo\u017ce jeszcze wzrosn\u0105\u0107 w najbli\u017cszych dniach. Solidarno\u015b\u0107 z filipi\u0144sk\u0105 spo\u0142eczno\u015bci\u0105 Lider Partii Konserwatywnej Pierre Poilievre, kt\u00f3ry w niedziel\u0119 mia\u0142 zaplanowane liczne wiece wyborcze w Ontario, rozpocz\u0105\u0142 dzie\u0144 spotkaniem z cz\u0142onkami filipi\u0144skiej spo\u0142eczno\u015bci w ko\u015bciele w Mississauga. \u2013 Nasze serca s\u0105 dzi\u015b z wami. Wszyscy Kanadyjczycy s\u0105 zjednoczeni w solidarno\u015bci ze spo\u0142eczno\u015bci\u0105 filipi\u0144sk\u0105 \u2013 powiedzia\u0142 Poilievre. \u2013 Ich bliscy maj\u0105 dzi\u015b g\u0142\u0119bok\u0105 pustk\u0119 w sercach. Postaramy si\u0119 wype\u0142ni\u0107 j\u0105 mi\u0142o\u015bci\u0105 ca\u0142ego kraju. Na p\u00f3\u017aniejszym wiecu w Oakville Poilievre ograniczy\u0142 swoje wyst\u0105pienie, cho\u0107 powt\u00f3rzy\u0142 kluczowe elementy swojej kampanii dotycz\u0105ce przyst\u0119pno\u015bci \u017cycia i bezpiecze\u0144stwa ulic. Partia Konserwatywna kilkukrotnie publikowa\u0142a w mediach spo\u0142eczno\u015bciowych posty dotycz\u0105ce przest\u0119pczo\u015bci z u\u017cyciem przemocy, w tym materia\u0142 odnosz\u0105cy si\u0119 do tragedii w Vancouver. Po kontrowersjach podpis pod jednym z post\u00f3w zosta\u0142 zmieniony; partia nie wyja\u015bni\u0142a, kto podj\u0105\u0142 decyzj\u0119 o korekcie. Zmiany w planach libera\u0142\u00f3w i NDP Premier Carney odwo\u0142a\u0142 poranne spotkanie z sympatykami w Hamilton i przeni\u00f3s\u0142 si\u0119 na konferencj\u0119 prasow\u0105. W dalszej cz\u0119\u015bci dnia mia\u0142 zaplanowane kampanijne wydarzenia w Saskatoon. Odwo\u0142ano r\u00f3wnie\u017c wiece libera\u0142\u00f3w w Calgary i Richmond w Kolumbii Brytyjskiej, a wydarzenie w Edmonton zosta\u0142o znacznie ograniczone. Lider Nowej Demokratycznej Partii (NDP) Jagmeet Singh znajdowa\u0142 si\u0119 na festiwalu w Vancouver w sobot\u0119 i opu\u015bci\u0142 go zaledwie kilka minut przed tragedi\u0105. W rozmowie z dziennikarzami Singh powiedzia\u0142: \u2013 By\u0142em tam i wyobra\u017cam sobie te u\u015bmiechni\u0119te dzieci, ta\u0144cz\u0105ce ciocie. Nie potrafi\u0119 znale\u017a\u0107 s\u0142\u00f3w, by wyrazi\u0107, jak bardzo jestem zdruzgotany. Singh wyrazi\u0142 pe\u0142n\u0105 solidarno\u015b\u0107 ze spo\u0142eczno\u015bci\u0105 filipi\u0144sk\u0105 i zapewni\u0142 o wsparciu wszystkich Kanadyjczyk\u00f3w. W zwi\u0105zku z tragedi\u0105 NDP odwo\u0142a\u0142o swoje niedzielne przystanki kampanijne w Vancouver, New Westminster, Coquitlam i podczas parady Vaisakhi w Oliver. W niedziel\u0119 podczas nabo\u017ce\u0144stwa w Penticton Singh nie kry\u0142 emocji, przysi\u0119gaj\u0105c, \u017ce \u201enigdy nie pozwoli, by nienawi\u015b\u0107 zwyci\u0119\u017cy\u0142a\u201d. \u2013 Oddajemy ho\u0142d tym, kt\u00f3rych stracili\u015bmy, \u017cyj\u0105c w duchu ich pami\u0119ci i buduj\u0105c Kanad\u0119, w kt\u00f3rej ka\u017cdy cz\u0142owiek jest ceniony \u2013 powiedzia\u0142. Modlitwa i czuwanie W niedzielne popo\u0142udnie Singh wzi\u0105\u0142 udzia\u0142 w nabo\u017ce\u0144stwie w j\u0119zyku tagalskim w St. Mary&#8217;s Parish w Vancouver razem z kandydatem NDP Vancouver\u2013Kingsway, Donem Daviesem. Davies, kt\u00f3rego okr\u0119g obj\u0105\u0142 tragedi\u0105, powiedzia\u0142, \u017ce obecno\u015b\u0107 na nabo\u017ce\u0144stwie by\u0142a dla niego sposobem okazania wsparcia spo\u0142eczno\u015bci. \u2013 Filipi\u0144ska spo\u0142eczno\u015b\u0107 ma siln\u0105 wiar\u0119, a dzi\u015b jeste\u015bmy z nimi w modlitwie i w duchowym wsparciu \u2013 powiedzia\u0142 Davies. Singh zako\u0144czy\u0142 dzie\u0144 udzia\u0142em w czuwaniu dla ofiar w centrum spo\u0142eczno\u015bciowym w Vancouver, gdzie zgromadzi\u0142y si\u0119 setki os\u00f3b, w tym premier Eby. Po czuwaniu Singh podkre\u015bli\u0142, \u017ce spo\u0142eczno\u015b\u0107 nie tylko prze\u017cywa \u017ca\u0142ob\u0119, ale tak\u017ce zaczyna zadawa\u0107 pytania o konieczno\u015b\u0107 wi\u0119kszego wsparcia dla zdrowia psychicznego i bezpiecze\u0144stwa publicznego. Wybory w cieniu tragedii Mimo \u017ce ostatnie sonda\u017ce wskazuj\u0105 na przewag\u0119 Libera\u0142\u00f3w nad Konserwatystami, tragedia w Vancouver znacz\u0105co zmieni\u0142a ton ko\u0144c\u00f3wki kampanii. G\u0142osowanie odbywa si\u0119 tu\u017c po tragedii, a emocje zwi\u0105zane z wydarzeniami w Vancouver mog\u0105 jeszcze wp\u0142yn\u0105\u0107 na frekwencj\u0119 i atmosfer\u0119 wybor\u00f3w. Na podst. Canadian Press \u00a0This page imported from Bejsment<\/p>\n","protected":false},"excerpt":{"rendered":"<p>Ca\u0142y kraj jest pogr\u0105\u017cony w smutku. Po tragedii, w kt\u00f3rej w wyniku ataku samochodowego podczas filipi\u0144skiego festiwalu w Vancouver zgin\u0119\u0142o 11 os\u00f3b, a wiele innych&hellip;<\/p>\n","protected":false},"author":3,"featured_media":978,"comment_status":"open","ping_status":"open","sticky":false,"template":"","format":"standard","meta":{"footnotes":""},"categories":[12,18],"tags":[],"class_list":["post-977","post","type-post","status-publish","format-standard","has-post-thumbnail","hentry","category-kanada","category-top-news"],"_links":{"self":[{"href":"https:\/\/radiopoloniawinnipeg.com\/index.php\/wp-json\/wp\/v2\/posts\/977","targetHints":{"allow":["GET"]}}],"collection":[{"href":"https:\/\/radiopoloniawinnipeg.com\/index.php\/wp-json\/wp\/v2\/posts"}],"about":[{"href":"https:\/\/radiopoloniawinnipeg.com\/index.php\/wp-json\/wp\/v2\/types\/post"}],"author":[{"embeddable":true,"href":"https:\/\/radiopoloniawinnipeg.com\/index.php\/wp-json\/wp\/v2\/users\/3"}],"replies":[{"embeddable":true,"href":"https:\/\/radiopoloniawinnipeg.com\/index.php\/wp-json\/wp\/v2\/comments?post=977"}],"version-history":[{"count":0,"href":"https:\/\/radiopoloniawinnipeg.com\/index.php\/wp-json\/wp\/v2\/posts\/977\/revisions"}],"wp:featuredmedia":[{"embeddable":true,"href":"https:\/\/radiopoloniawinnipeg.com\/index.php\/wp-json\/wp\/v2\/media\/978"}],"wp:attachment":[{"href":"https:\/\/radiopoloniawinnipeg.com\/index.php\/wp-json\/wp\/v2\/media?parent=977"}],"wp:term":[{"taxonomy":"category","embeddable":true,"href":"https:\/\/radiopoloniawinnipeg.com\/index.php\/wp-json\/wp\/v2\/categories?post=977"},{"taxonomy":"post_tag","embeddable":true,"href":"https:\/\/radiopoloniawinnipeg.com\/index.php\/wp-json\/wp\/v2\/tags?post=977"}],"curies":[{"name":"wp","href":"https:\/\/api.w.org\/{rel}","templated":true}]}}