{"id":979,"date":"2025-04-28T10:00:11","date_gmt":"2025-04-28T14:00:11","guid":{"rendered":"https:\/\/radiopoloniawinnipeg.com\/index.php\/2025\/04\/28\/niemcy-zaszokowani-polacy-przestali-nas-podziwiac\/"},"modified":"2025-04-28T10:00:11","modified_gmt":"2025-04-28T14:00:11","slug":"niemcy-zaszokowani-polacy-przestali-nas-podziwiac","status":"publish","type":"post","link":"https:\/\/radiopoloniawinnipeg.com\/index.php\/2025\/04\/28\/niemcy-zaszokowani-polacy-przestali-nas-podziwiac\/","title":{"rendered":"Niemcy zaszokowani: Polacy przestali nas podziwia\u0107!"},"content":{"rendered":"<p>Napady uliczne, to nowa codzienno\u015b\u0107 Niemiec. Niemieckie media bij\u0105 na alarm: Polacy przestali postrzega\u0107 Niemcy jako kraj marze\u0144 do \u017cycia i pracy. Portal telewizji publicznej MDR zauwa\u017ca, \u017ce \u201eNiemcy, dawniej symbol post\u0119pu i dobrobytu, trac\u0105 blask i presti\u017c w oczach Polak\u00f3w\u201d. Jeszcze niedawno podziwiane pa\u0144stwo za Odr\u0105 dzi\u015b jawi si\u0119, jak przyznaj\u0105 niemieckie media, jako \u201ekraj na biegu wstecznym\u201d \u2013 sparali\u017cowany przez biurokracj\u0119, z przestarza\u0142\u0105 infrastruktur\u0105 i op\u00f3\u017anieniami w cyfryzacji. \u201ePor\u00f3wnanie z dynamicznie rozwijaj\u0105c\u0105 si\u0119 Polsk\u0105 jest dla Niemiec cz\u0119sto zawstydzaj\u0105ce\u201d \u2013 czytamy w portalu MDR. Migranci wracaj\u0105, Niemcy trac\u0105 wizerunek Podobny ton prezentuje \u201eBerliner Zeitung\u201d, kt\u00f3ry alarmuje: \u201eSzacunek do Niemiec spada. Polscy migranci wyje\u017cd\u017caj\u0105 z Niemiec\u201d. Gazeta zauwa\u017ca, \u017ce Niemcy przez dekady by\u0142y wymarzonym kierunkiem emigracji dla Polak\u00f3w. Dzi\u015b jednak coraz wi\u0119cej z nich wraca do kraju, gdzie \u2013 jak wskazano \u2013 \u201ewszystko lepiej funkcjonuje\u201d. Autor artyku\u0142u opisuje t\u0119 przemian\u0119: \u201eJeszcze 30 lat temu wizyta w Polsce by\u0142a demonstracj\u0105 sukcesu \u2013 niemiecki samoch\u00f3d przed domem rodzic\u00f3w, walizki pe\u0142ne prezent\u00f3w, opowie\u015bci o dobrze zorganizowanym \u017cyciu na Zachodzie. Dzisiaj polscy migranci wracaj\u0105 z zupe\u0142nie innymi historiami \u2013 o fatalnym stanie kolei, s\u0142abej cyfryzacji i sparali\u017cowanej polityce, podczas gdy inne kraje podejmuj\u0105 decyzje i dynamicznie si\u0119 rozwijaj\u0105\u201d. Nowe pokolenie \u2013 nowe podej\u015bcie Szybki rozw\u00f3j Polski wzmocni\u0142 poczucie pewno\u015bci siebie w\u015br\u00f3d Polak\u00f3w mieszkaj\u0105cych w Niemczech. \u201eDawniej Polacy byli wdzi\u0119czni za mo\u017cliwo\u015b\u0107 pracy w Niemczech. Dzi\u015b coraz cz\u0119\u015bciej zadaj\u0105 sobie pytanie: co ja tutaj jeszcze robi\u0119?\u201d \u2013 konstatuje \u201eBerliner Zeitung\u201d. Na podst. DW, Berliner Zeitung i MDRThis page imported from Bejsment<\/p>\n","protected":false},"excerpt":{"rendered":"<p>Napady uliczne, to nowa codzienno\u015b\u0107 Niemiec. Niemieckie media bij\u0105 na alarm: Polacy przestali postrzega\u0107 Niemcy jako kraj marze\u0144 do \u017cycia i pracy. Portal telewizji publicznej&hellip;<\/p>\n","protected":false},"author":3,"featured_media":980,"comment_status":"open","ping_status":"open","sticky":false,"template":"","format":"standard","meta":{"footnotes":""},"categories":[15,18],"tags":[],"class_list":["post-979","post","type-post","status-publish","format-standard","has-post-thumbnail","hentry","category-swiat","category-top-news"],"_links":{"self":[{"href":"https:\/\/radiopoloniawinnipeg.com\/index.php\/wp-json\/wp\/v2\/posts\/979","targetHints":{"allow":["GET"]}}],"collection":[{"href":"https:\/\/radiopoloniawinnipeg.com\/index.php\/wp-json\/wp\/v2\/posts"}],"about":[{"href":"https:\/\/radiopoloniawinnipeg.com\/index.php\/wp-json\/wp\/v2\/types\/post"}],"author":[{"embeddable":true,"href":"https:\/\/radiopoloniawinnipeg.com\/index.php\/wp-json\/wp\/v2\/users\/3"}],"replies":[{"embeddable":true,"href":"https:\/\/radiopoloniawinnipeg.com\/index.php\/wp-json\/wp\/v2\/comments?post=979"}],"version-history":[{"count":0,"href":"https:\/\/radiopoloniawinnipeg.com\/index.php\/wp-json\/wp\/v2\/posts\/979\/revisions"}],"wp:featuredmedia":[{"embeddable":true,"href":"https:\/\/radiopoloniawinnipeg.com\/index.php\/wp-json\/wp\/v2\/media\/980"}],"wp:attachment":[{"href":"https:\/\/radiopoloniawinnipeg.com\/index.php\/wp-json\/wp\/v2\/media?parent=979"}],"wp:term":[{"taxonomy":"category","embeddable":true,"href":"https:\/\/radiopoloniawinnipeg.com\/index.php\/wp-json\/wp\/v2\/categories?post=979"},{"taxonomy":"post_tag","embeddable":true,"href":"https:\/\/radiopoloniawinnipeg.com\/index.php\/wp-json\/wp\/v2\/tags?post=979"}],"curies":[{"name":"wp","href":"https:\/\/api.w.org\/{rel}","templated":true}]}}