{"id":986,"date":"2025-04-28T17:30:03","date_gmt":"2025-04-28T21:30:03","guid":{"rendered":"https:\/\/radiopoloniawinnipeg.com\/index.php\/2025\/04\/28\/trump-do-kanadyjczykow-wybierzcie-dzis-premiera-ktory-przylaczy-kanade-do-usa\/"},"modified":"2025-04-28T17:30:03","modified_gmt":"2025-04-28T21:30:03","slug":"trump-do-kanadyjczykow-wybierzcie-dzis-premiera-ktory-przylaczy-kanade-do-usa","status":"publish","type":"post","link":"https:\/\/radiopoloniawinnipeg.com\/index.php\/2025\/04\/28\/trump-do-kanadyjczykow-wybierzcie-dzis-premiera-ktory-przylaczy-kanade-do-usa\/","title":{"rendered":"Trump do Kanadyjczyk\u00f3w: wybierzcie dzi\u015b premiera kt\u00f3ry przy\u0142\u0105czy Kanad\u0119 do USA"},"content":{"rendered":"<p>W poniedzia\u0142ek prezydent USA Donald Trump zaapelowa\u0142 do Kanadyjczyk\u00f3w uczestnicz\u0105cych w wyborach parlamentarnych, by poparli kandydata, kt\u00f3ry mia\u0142by \u201eodwag\u0119 i m\u0105dro\u015b\u0107\u201d, aby doprowadzi\u0107 do przy\u0142\u0105czenia Kanady do Stan\u00f3w Zjednoczonych. Trump stwierdzi\u0142 te\u017c, \u017ce USA nie mog\u0105 dalej \u201edotowa\u0107\u201d Kanady. Trump zamie\u015bci\u0142 swoje przes\u0142anie w poniedzia\u0142ek po godzinie 8:30 czasu waszyngto\u0144skiego na swoim portalu spo\u0142eczno\u015bciowym Truth. Wezwa\u0142 Kanadyjczyk\u00f3w, by d\u0105\u017cyli do przekszta\u0142cenia swojego kraju w 51. stan USA. \u201ePowodzenia dla wspania\u0142ego narodu Kanady. Wybierzcie lidera, kt\u00f3ry obni\u017cy wasze podatki o po\u0142ow\u0119, zapewni darmow\u0105 modernizacj\u0119 si\u0142 zbrojnych do najlepszego poziomu na \u015bwiecie oraz czterokrotnie zwi\u0119kszy wasz\u0105 produkcj\u0119 samochodow\u0105, stalow\u0105, aluminiow\u0105, drzewn\u0105, energetyczn\u0105 i innych sektor\u00f3w \u2014 bez c\u0142a i podatk\u00f3w, je\u015bli Kanada stanie si\u0119 cz\u0119\u015bci\u0105 Stan\u00f3w Zjednoczonych\u201d \u2014 napisa\u0142 Trump. Prezydent USA zaapelowa\u0142 r\u00f3wnie\u017c o likwidacj\u0119 \u201esztucznie wyznaczonych granic\u201d i wskazywa\u0142 na korzy\u015bci p\u0142yn\u0105ce z pe\u0142nej integracji. \u201eWyobra\u017acie sobie t\u0119 pi\u0119kn\u0105 ziemi\u0119 bez granic. Same zalety, \u017cadnych wad. To jest nasz los! Ameryka nie mo\u017ce dalej subsydiowa\u0107 Kanady setkami miliard\u00f3w dolar\u00f3w rocznie. To nie ma sensu, je\u015bli Kanada nie stanie si\u0119 naszym stanem!\u201d \u2014 doda\u0142. Pomimo apelu Trumpa, \u017cadna kanadyjska partia ani ich liderzy nie popieraj\u0105 idei przy\u0142\u0105czenia do USA.<\/p>\n","protected":false},"excerpt":{"rendered":"<p>W poniedzia\u0142ek prezydent USA Donald Trump zaapelowa\u0142 do Kanadyjczyk\u00f3w uczestnicz\u0105cych w wyborach parlamentarnych, by poparli kandydata, kt\u00f3ry mia\u0142by \u201eodwag\u0119 i m\u0105dro\u015b\u0107\u201d, aby doprowadzi\u0107 do przy\u0142\u0105czenia&hellip;<\/p>\n","protected":false},"author":3,"featured_media":987,"comment_status":"open","ping_status":"open","sticky":false,"template":"","format":"standard","meta":{"footnotes":""},"categories":[12,18],"tags":[],"class_list":["post-986","post","type-post","status-publish","format-standard","has-post-thumbnail","hentry","category-kanada","category-top-news"],"_links":{"self":[{"href":"https:\/\/radiopoloniawinnipeg.com\/index.php\/wp-json\/wp\/v2\/posts\/986","targetHints":{"allow":["GET"]}}],"collection":[{"href":"https:\/\/radiopoloniawinnipeg.com\/index.php\/wp-json\/wp\/v2\/posts"}],"about":[{"href":"https:\/\/radiopoloniawinnipeg.com\/index.php\/wp-json\/wp\/v2\/types\/post"}],"author":[{"embeddable":true,"href":"https:\/\/radiopoloniawinnipeg.com\/index.php\/wp-json\/wp\/v2\/users\/3"}],"replies":[{"embeddable":true,"href":"https:\/\/radiopoloniawinnipeg.com\/index.php\/wp-json\/wp\/v2\/comments?post=986"}],"version-history":[{"count":0,"href":"https:\/\/radiopoloniawinnipeg.com\/index.php\/wp-json\/wp\/v2\/posts\/986\/revisions"}],"wp:featuredmedia":[{"embeddable":true,"href":"https:\/\/radiopoloniawinnipeg.com\/index.php\/wp-json\/wp\/v2\/media\/987"}],"wp:attachment":[{"href":"https:\/\/radiopoloniawinnipeg.com\/index.php\/wp-json\/wp\/v2\/media?parent=986"}],"wp:term":[{"taxonomy":"category","embeddable":true,"href":"https:\/\/radiopoloniawinnipeg.com\/index.php\/wp-json\/wp\/v2\/categories?post=986"},{"taxonomy":"post_tag","embeddable":true,"href":"https:\/\/radiopoloniawinnipeg.com\/index.php\/wp-json\/wp\/v2\/tags?post=986"}],"curies":[{"name":"wp","href":"https:\/\/api.w.org\/{rel}","templated":true}]}}