{"id":992,"date":"2025-04-29T07:30:06","date_gmt":"2025-04-29T11:30:06","guid":{"rendered":"https:\/\/radiopoloniawinnipeg.com\/index.php\/2025\/04\/29\/burzliwa-debata-prezydencka-w-super-expressie\/"},"modified":"2025-04-29T07:30:06","modified_gmt":"2025-04-29T11:30:06","slug":"burzliwa-debata-prezydencka-w-super-expressie","status":"publish","type":"post","link":"https:\/\/radiopoloniawinnipeg.com\/index.php\/2025\/04\/29\/burzliwa-debata-prezydencka-w-super-expressie\/","title":{"rendered":"Burzliwa debata prezydencka w Super Expressie"},"content":{"rendered":"<p>W poniedzia\u0142ek wieczorem odby\u0142a si\u0119 debata prezydencka organizowana przez \u201eSuper Express\u201d i transmitowana na youtubowym kanale Super Expressu oraz przez telewizje Republika, wPolsce24, TVN i TVP Info. Wyj\u0105tkow\u0105 formu\u0142\u0105 wydarzenia by\u0142o to, \u017ce to sami kandydaci \u00a0zadawali sobie pytania, tocz\u0105c bezpo\u015brednie starcia w specjalnie przygotowanej przestrzeni nazwanej \u201eringiem\u201d. Debata zosta\u0142a podzielona na dwie rundy. W pierwszej kandydaci wybierali przeciwnik\u00f3w \u2014 dw\u00f3ch wyznacza\u0142 pytaj\u0105cy, a trzeciego losowano. Pytaj\u0105cy mia\u0142 30 sekund na sformu\u0142owanie pytania, odpowiadaj\u0105cy 90 sekund na odpowied\u017a, a na ripost\u0119 przewidziano kolejne 30 sekund. Pierwsza runda: ostre pytania i bezpo\u015brednie starcia Debata przynios\u0142a szereg emocjonuj\u0105cych wymian zda\u0144. Adrian Zandberg wypytywa\u0142 o patologie w maj\u0105tku pa\u0144stwowym, stosunek do Putina i ochron\u0119 miliarder\u00f3w. Szymon Ho\u0142ownia skupi\u0142 si\u0119 na kwestiach walki z nepotyzmem, stosunku do UE i zmianie pogl\u0105d\u00f3w S\u0142awomira Mentzena. S\u0142awomir Mentzen zaatakowa\u0142 m.in. Rafa\u0142a Trzaskowskiego za stosunek do migrant\u00f3w i Ho\u0142owni\u0119 za zmienno\u015b\u0107 pogl\u0105d\u00f3w. Joanna Senyszyn pyta\u0142a o sprzeda\u017c ziemi Ko\u015bcio\u0142owi i militarizacj\u0119 Polski. Krzysztof Stanowski podwa\u017ca\u0142 wiarygodno\u015b\u0107 Trzaskowskiego i Zandberga oraz zarzuca\u0142 politykom manipulacj\u0119. Artur Bartoszewicz stawia\u0142 pytania o finansowanie partii i dzia\u0142ania Europejskiego Urz\u0119du AMLA. Marek Woch pyta\u0142 o patologie w NFZ i spos\u00f3b rozwi\u0105zywania spor\u00f3w PO-PiS. Maciej Maciak kwestionowa\u0142 polityk\u0119 militarn\u0105 i sugerowa\u0142 prorosyjskie wp\u0142ywy. Marek Jakubiak podnosi\u0142 kwesti\u0119 pami\u0119ci historycznej i sp\u00f3jno\u015bci polityki wewn\u0119trznej. Rafa\u0142 Trzaskowski zada\u0142 pytania m.in. Karolowi Nawrockiemu, Magdalenie Biejat i Mentzenowi o ich programy. Grzegorz Braun stawia\u0142 kontrowersyjne pytania o klimat, deportacje i judaizacj\u0119. Magdalena Biejat porusza\u0142a kwestie spo\u0142eczne: podatku katastralnego, rozdzia\u0142u Ko\u015bcio\u0142a od pa\u0144stwa i praw kobiet. Debata ukaza\u0142a ogromne r\u00f3\u017cnice ideowe mi\u0119dzy kandydatami, nie brakowa\u0142o ostrych ripost i mocnych oskar\u017ce\u0144. Druga runda: swobodne wyst\u0105pienia kandydat\u00f3w W drugiej rundzie ka\u017cdy z kandydat\u00f3w mia\u0142 90 sekund na swobodn\u0105 wypowied\u017a: Adrian Zandberg m\u00f3wi\u0142 o \u201eplemiennej wojnie\u201d odwracaj\u0105cej uwag\u0119 od problem\u00f3w spo\u0142ecznych. Szymon Ho\u0142ownia apelowa\u0142 o szerok\u0105 koalicj\u0119 w drugiej turze wybor\u00f3w. S\u0142awomir Mentzen krytykowa\u0142 uk\u0142ad PO-PiS i wskazywa\u0142 na potrzeb\u0119 zmiany pokoleniowej. Joanna Senyszyn podkre\u015bla\u0142a, \u017ce wyborcy mog\u0105 g\u0142osowa\u0107 \u201ena wi\u0119ksze dobro, a nie na mniejsze z\u0142o\u201d. Krzysztof Stanowski m\u00f3wi\u0142 o zawodowych politykach i odpowiedzialno\u015bci spadaj\u0105cej na zwyk\u0142ych ludzi. Artur Bartoszewicz krytykowa\u0142 powszechn\u0105 patologi\u0119 w partiach politycznych. Marek Woch podkre\u015bla\u0142 swoje obywatelskie i wiejskie korzenie. Maciej Maciak ostrzega\u0142 przed militaryzacj\u0105 i zad\u0142u\u017caniem kraju. Marek Jakubiak wzywa\u0142 do m\u00f3wienia prawdy o sytuacji w Polsce i krytykowa\u0142 obecny rz\u0105d. Rafa\u0142 Trzaskowski przypomina\u0142 o swoich dokonaniach w Warszawie i apelowa\u0142 o jedno\u015b\u0107. Grzegorz Braun wzywa\u0142 do odzyskania niepodleg\u0142o\u015bci i sprzeciwia\u0142 si\u0119 globalnym procesom. Magdalena Biejat promowa\u0142a pomys\u0142 skr\u00f3cenia czasu pracy i krytykowa\u0142a puste obietnice rywali. Karol Nawrocki zaprezentowa\u0142 program &#8220;Plan 21&#8221; i wzywa\u0142 do wyboru silnego, niezale\u017cnego prezydenta. Debata prezydencka pokaza\u0142a nie tylko r\u00f3\u017cnice programowe, ale tak\u017ce osobiste animozje i g\u0142\u0119boko zakorzenione podzia\u0142y polityczne w Polsce. Kandydaci cz\u0119sto odwo\u0142ywali si\u0119 do emocji, skrajnych ocen i bezpo\u015brednich atak\u00f3w na rywali. Wielu komentator\u00f3w oceni\u0142o, \u017ce forma debaty \u2014 oparta na bezpo\u015brednim starciu \u2014 wydoby\u0142a z uczestnik\u00f3w ich najmocniejsze i najs\u0142absze strony, daj\u0105c wyborcom szans\u0119 na lepsze poznanie kandydat\u00f3w przed majowymi wyborami. Na podst. Polsat News, wpolityce.pl., SE Tutaj ci, kt\u00f3rzy dysponuj\u0105 du\u017c\u0105 ilo\u015bci\u0105 czasu i cierpliwo\u015bci\u0105 mog\u0105 obejrze\u0107 debat\u0119 w ca\u0142o\u015bci: A tutaj ci, kt\u00f3rzy si\u0119 spiesz\u0105 zobacz\u0105 najciekawsze fragmenty: \u00a0<\/p>\n","protected":false},"excerpt":{"rendered":"<p>W poniedzia\u0142ek wieczorem odby\u0142a si\u0119 debata prezydencka organizowana przez \u201eSuper Express\u201d i transmitowana na youtubowym kanale Super Expressu oraz przez telewizje Republika, wPolsce24, TVN i&hellip;<\/p>\n","protected":false},"author":3,"featured_media":993,"comment_status":"open","ping_status":"open","sticky":false,"template":"","format":"standard","meta":{"footnotes":""},"categories":[14,18],"tags":[],"class_list":["post-992","post","type-post","status-publish","format-standard","has-post-thumbnail","hentry","category-polska","category-top-news"],"_links":{"self":[{"href":"https:\/\/radiopoloniawinnipeg.com\/index.php\/wp-json\/wp\/v2\/posts\/992","targetHints":{"allow":["GET"]}}],"collection":[{"href":"https:\/\/radiopoloniawinnipeg.com\/index.php\/wp-json\/wp\/v2\/posts"}],"about":[{"href":"https:\/\/radiopoloniawinnipeg.com\/index.php\/wp-json\/wp\/v2\/types\/post"}],"author":[{"embeddable":true,"href":"https:\/\/radiopoloniawinnipeg.com\/index.php\/wp-json\/wp\/v2\/users\/3"}],"replies":[{"embeddable":true,"href":"https:\/\/radiopoloniawinnipeg.com\/index.php\/wp-json\/wp\/v2\/comments?post=992"}],"version-history":[{"count":0,"href":"https:\/\/radiopoloniawinnipeg.com\/index.php\/wp-json\/wp\/v2\/posts\/992\/revisions"}],"wp:featuredmedia":[{"embeddable":true,"href":"https:\/\/radiopoloniawinnipeg.com\/index.php\/wp-json\/wp\/v2\/media\/993"}],"wp:attachment":[{"href":"https:\/\/radiopoloniawinnipeg.com\/index.php\/wp-json\/wp\/v2\/media?parent=992"}],"wp:term":[{"taxonomy":"category","embeddable":true,"href":"https:\/\/radiopoloniawinnipeg.com\/index.php\/wp-json\/wp\/v2\/categories?post=992"},{"taxonomy":"post_tag","embeddable":true,"href":"https:\/\/radiopoloniawinnipeg.com\/index.php\/wp-json\/wp\/v2\/tags?post=992"}],"curies":[{"name":"wp","href":"https:\/\/api.w.org\/{rel}","templated":true}]}}